{"id":35713,"date":"2026-09-03T11:18:07","date_gmt":"2026-09-03T14:18:07","guid":{"rendered":"https:\/\/blogdodanielgalvao.com.br\/site\/?p=35713"},"modified":"2026-09-03T11:18:15","modified_gmt":"2026-09-03T14:18:15","slug":"celebra-arraial-tera-aline-barros-e-maria-marcal-em-setembro","status":"publish","type":"post","link":"https:\/\/blogdodanielgalvao.com.br\/site\/celebra-arraial-tera-aline-barros-e-maria-marcal-em-setembro\/","title":{"rendered":"Celebra Arraial ter\u00e1 Aline Barros e Maria Mar\u00e7al em setembro"},"content":{"rendered":"\n<p class=\"wp-block-paragraph\">Arraial do Cabo receber\u00e1 duas noites de m\u00fasica crist\u00e3 com a realiza\u00e7\u00e3o do Celebra Arraial. A programa\u00e7\u00e3o gratuita acontecer\u00e1 nos dias 25 e 26 de setembro, sempre \u00e0s 21h, reunindo moradores e visitantes em momentos de f\u00e9, louvor e adora\u00e7\u00e3o. Aline Barros abrir\u00e1 o evento na sexta-feira (25), enquanto Maria Mar\u00e7al subir\u00e1 ao palco no s\u00e1bado (26), conforme a programa\u00e7\u00e3o divulgada pela Prefeitura de Arraial do Cabo\u2060\ufffc.<\/p>\n\n\n\n<p class=\"wp-block-paragraph\">Com mais de 30 anos de carreira, Aline Barros consolidou-se como uma das principais refer\u00eancias da m\u00fasica gospel brasileira. A cantora acumula oito vit\u00f3rias e 14 indica\u00e7\u00f5es ao Grammy Latino, al\u00e9m de sucessos que atravessaram gera\u00e7\u00f5es e ampliaram o alcance da m\u00fasica crist\u00e3 no pa\u00eds e no exterior. Os n\u00fameros s\u00e3o apresentados pela Academia Latina da Grava\u00e7\u00e3o\u2060\ufffc.<\/p>\n\n\n\n<p class=\"wp-block-paragraph\">Representante da nova gera\u00e7\u00e3o, Maria Mar\u00e7al ganhou proje\u00e7\u00e3o nacional ap\u00f3s o sucesso da m\u00fasica \u201cDeserto\u201d e ampliou sua presen\u00e7a nas plataformas digitais com can\u00e7\u00f5es como \u201cDeixa\u201d. A artista iniciou a carreira fonogr\u00e1fica em 2022 e chegou ao ranking Billboard Brasil Hot 100 no ano seguinte, segundo a Billboard Brasil. O Celebra Arraial passa a integrar o calend\u00e1rio cultural de setembro como uma op\u00e7\u00e3o gratuita de entretenimento, conviv\u00eancia e express\u00e3o religiosa no munic\u00edpio.&nbsp;&nbsp;&nbsp;<\/p>\n","protected":false},"excerpt":{"rendered":"<p>Arraial do Cabo receber\u00e1 duas noites de m\u00fasica crist\u00e3 com a realiza\u00e7\u00e3o do Celebra Arraial. A programa\u00e7\u00e3o gratuita acontecer\u00e1 nos dias 25 e 26 de setembro, sempre \u00e0s 21h, reunindo moradores e visitantes em momentos de f\u00e9, louvor e adora\u00e7\u00e3o. Aline Barros abrir\u00e1 o evento na sexta-feira (25), enquanto Maria Mar\u00e7al subir\u00e1 ao palco no [&hellip;]<\/p>\n","protected":false},"author":2,"featured_media":35714,"comment_status":"open","ping_status":"open","sticky":false,"template":"","format":"standard","meta":{"footnotes":""},"categories":[2331],"tags":[4475,5083,788,5086,3023,212,4058,5087,4474,5084,4473,5085,3943],"class_list":["post-35713","post","type-post","status-publish","format-standard","has-post-thumbnail","hentry","category-cultura","tag-adoracao","tag-aline-barros","tag-arraial-do-cabo","tag-billboard-brasil","tag-celebra-arraial","tag-cultura","tag-fe","tag-grammy-latino","tag-louvor","tag-maria-marcal","tag-musica-crista","tag-musica-gospel","tag-show-gratuito"],"_links":{"self":[{"href":"https:\/\/blogdodanielgalvao.com.br\/site\/wp-json\/wp\/v2\/posts\/35713","targetHints":{"allow":["GET"]}}],"collection":[{"href":"https:\/\/blogdodanielgalvao.com.br\/site\/wp-json\/wp\/v2\/posts"}],"about":[{"href":"https:\/\/blogdodanielgalvao.com.br\/site\/wp-json\/wp\/v2\/types\/post"}],"author":[{"embeddable":true,"href":"https:\/\/blogdodanielgalvao.com.br\/site\/wp-json\/wp\/v2\/users\/2"}],"replies":[{"embeddable":true,"href":"https:\/\/blogdodanielgalvao.com.br\/site\/wp-json\/wp\/v2\/comments?post=35713"}],"version-history":[{"count":1,"href":"https:\/\/blogdodanielgalvao.com.br\/site\/wp-json\/wp\/v2\/posts\/35713\/revisions"}],"predecessor-version":[{"id":35715,"href":"https:\/\/blogdodanielgalvao.com.br\/site\/wp-json\/wp\/v2\/posts\/35713\/revisions\/35715"}],"wp:featuredmedia":[{"embeddable":true,"href":"https:\/\/blogdodanielgalvao.com.br\/site\/wp-json\/wp\/v2\/media\/35714"}],"wp:attachment":[{"href":"https:\/\/blogdodanielgalvao.com.br\/site\/wp-json\/wp\/v2\/media?parent=35713"}],"wp:term":[{"taxonomy":"category","embeddable":true,"href":"https:\/\/blogdodanielgalvao.com.br\/site\/wp-json\/wp\/v2\/categories?post=35713"},{"taxonomy":"post_tag","embeddable":true,"href":"https:\/\/blogdodanielgalvao.com.br\/site\/wp-json\/wp\/v2\/tags?post=35713"}],"curies":[{"name":"wp","href":"https:\/\/api.w.org\/{rel}","templated":true}]}}