{"id":35707,"date":"2026-09-03T10:54:36","date_gmt":"2026-09-03T13:54:36","guid":{"rendered":"https:\/\/blogdodanielgalvao.com.br\/site\/?p=35707"},"modified":"2026-09-03T10:54:44","modified_gmt":"2026-09-03T13:54:44","slug":"cabo-frio-comeca-a-instalar-400-novas-papeleiras-em-areas-movimentadas","status":"publish","type":"post","link":"https:\/\/blogdodanielgalvao.com.br\/site\/cabo-frio-comeca-a-instalar-400-novas-papeleiras-em-areas-movimentadas\/","title":{"rendered":"Cabo Frio come\u00e7a a instalar 400 novas papeleiras em \u00e1reas movimentadas"},"content":{"rendered":"\n<p class=\"wp-block-paragraph\">Cabo Frio come\u00e7ou a receber 400 novas papeleiras, que ser\u00e3o distribu\u00eddas por \u00e1reas de grande circula\u00e7\u00e3o em diferentes regi\u00f5es do munic\u00edpio. Na primeira etapa do trabalho, iniciada nesta semana, foram instalados 47 equipamentos, sendo 29 na Avenida Nossa Senhora da Assun\u00e7\u00e3o, sete no Terminal de Transatl\u00e2nticos, na Passagem, e 11 na Orla do Per\u00f3.<\/p>\n\n\n\n<p class=\"wp-block-paragraph\">Os equipamentos s\u00e3o destinados ao descarte de pequenos res\u00edduos, como pap\u00e9is, embalagens, copos descart\u00e1veis e guardanapos. Em determinados locais, as papeleiras s\u00e3o identificadas por cores para permitir a separa\u00e7\u00e3o dos materiais recicl\u00e1veis. A iniciativa busca atender \u00e0s solicita\u00e7\u00f5es dos moradores, facilitar o descarte correto e contribuir para a conserva\u00e7\u00e3o de praias, pra\u00e7as, cal\u00e7adas e demais espa\u00e7os p\u00fablicos.<\/p>\n\n\n\n<p class=\"wp-block-paragraph\">A instala\u00e7\u00e3o seguir\u00e1 um cronograma que alcan\u00e7ar\u00e1 outros pontos da cidade. A popula\u00e7\u00e3o deve evitar o dep\u00f3sito de lixo dom\u00e9stico, entulho, restos de poda e materiais volumosos nas papeleiras. Solicita\u00e7\u00f5es relacionadas \u00e0 limpeza urbana podem ser feitas pelo Disque Cidade Limpa, no telefone (22) 3318-0027, de segunda a sexta-feira, das 8h \u00e0s 17h. J\u00e1 os pedidos de ilumina\u00e7\u00e3o p\u00fablica devem ser encaminhados pelo WhatsApp (22) 3318-0024 ou pelo aplicativo Cabo Frio Ilumina\u00e7\u00e3o P\u00fablica.&nbsp;&nbsp;&nbsp;<\/p>\n","protected":false},"excerpt":{"rendered":"<p>Cabo Frio come\u00e7ou a receber 400 novas papeleiras, que ser\u00e3o distribu\u00eddas por \u00e1reas de grande circula\u00e7\u00e3o em diferentes regi\u00f5es do munic\u00edpio. Na primeira etapa do trabalho, iniciada nesta semana, foram instalados 47 equipamentos, sendo 29 na Avenida Nossa Senhora da Assun\u00e7\u00e3o, sete no Terminal de Transatl\u00e2nticos, na Passagem, e 11 na Orla do Per\u00f3. Os [&hellip;]<\/p>\n","protected":false},"author":2,"featured_media":35708,"comment_status":"open","ping_status":"open","sticky":false,"template":"","format":"standard","meta":{"footnotes":""},"categories":[340],"tags":[411,5082,3834,5080,5079,789,5081,4082,3704,3705],"class_list":["post-35707","post","type-post","status-publish","format-standard","has-post-thumbnail","hentry","category-cabo-frio","tag-cabo-frio","tag-cidade-limpa","tag-conservacao","tag-descarte-correto","tag-limpeza-urbana","tag-meio-ambiente","tag-papeleiras","tag-praias","tag-reciclagem","tag-sustentabilidade"],"_links":{"self":[{"href":"https:\/\/blogdodanielgalvao.com.br\/site\/wp-json\/wp\/v2\/posts\/35707","targetHints":{"allow":["GET"]}}],"collection":[{"href":"https:\/\/blogdodanielgalvao.com.br\/site\/wp-json\/wp\/v2\/posts"}],"about":[{"href":"https:\/\/blogdodanielgalvao.com.br\/site\/wp-json\/wp\/v2\/types\/post"}],"author":[{"embeddable":true,"href":"https:\/\/blogdodanielgalvao.com.br\/site\/wp-json\/wp\/v2\/users\/2"}],"replies":[{"embeddable":true,"href":"https:\/\/blogdodanielgalvao.com.br\/site\/wp-json\/wp\/v2\/comments?post=35707"}],"version-history":[{"count":1,"href":"https:\/\/blogdodanielgalvao.com.br\/site\/wp-json\/wp\/v2\/posts\/35707\/revisions"}],"predecessor-version":[{"id":35709,"href":"https:\/\/blogdodanielgalvao.com.br\/site\/wp-json\/wp\/v2\/posts\/35707\/revisions\/35709"}],"wp:featuredmedia":[{"embeddable":true,"href":"https:\/\/blogdodanielgalvao.com.br\/site\/wp-json\/wp\/v2\/media\/35708"}],"wp:attachment":[{"href":"https:\/\/blogdodanielgalvao.com.br\/site\/wp-json\/wp\/v2\/media?parent=35707"}],"wp:term":[{"taxonomy":"category","embeddable":true,"href":"https:\/\/blogdodanielgalvao.com.br\/site\/wp-json\/wp\/v2\/categories?post=35707"},{"taxonomy":"post_tag","embeddable":true,"href":"https:\/\/blogdodanielgalvao.com.br\/site\/wp-json\/wp\/v2\/tags?post=35707"}],"curies":[{"name":"wp","href":"https:\/\/api.w.org\/{rel}","templated":true}]}}