{"id":35693,"date":"2026-09-02T17:11:12","date_gmt":"2026-09-02T20:11:12","guid":{"rendered":"https:\/\/blogdodanielgalvao.com.br\/site\/?p=35693"},"modified":"2026-09-02T17:11:39","modified_gmt":"2026-09-02T20:11:39","slug":"emprego-e-novos-negocios-avancam-em-cabo-frio-ao-longo-de-2026","status":"publish","type":"post","link":"https:\/\/blogdodanielgalvao.com.br\/site\/emprego-e-novos-negocios-avancam-em-cabo-frio-ao-longo-de-2026\/","title":{"rendered":"Emprego e novos neg\u00f3cios avan\u00e7am em Cabo Frio ao longo de 2026"},"content":{"rendered":"\n<p class=\"wp-block-paragraph\">O mercado de trabalho e a atividade empresarial de Cabo Frio apresentaram resultados positivos ao longo de 2026. O munic\u00edpio ultrapassou a marca de 40 mil v\u00ednculos formais de trabalho e manteve a posi\u00e7\u00e3o de principal mercado de emprego da Regi\u00e3o dos Lagos, enquanto a abertura de novos neg\u00f3cios e indicadores relacionados \u00e0 arrecada\u00e7\u00e3o tamb\u00e9m registraram crescimento.<\/p>\n\n\n\n<p class=\"wp-block-paragraph\">No emprego formal, julho apresentou o melhor desempenho para o m\u00eas dos \u00faltimos quatro anos. Os dados fazem parte do Novo Caged, levantamento do Minist\u00e9rio do Trabalho e Emprego que acompanha admiss\u00f5es e desligamentos com carteira assinada em todo o pa\u00eds. As informa\u00e7\u00f5es referentes a julho de 2026 foram divulgadas no fim de agosto e refor\u00e7aram a trajet\u00f3ria observada no munic\u00edpio nos \u00faltimos meses.<\/p>\n\n\n\n<p class=\"wp-block-paragraph\">O movimento tamb\u00e9m aparece no empreendedorismo. Dados do Mapa de Empresas mostram que 711 neg\u00f3cios foram abertos em Cabo Frio somente em julho, enquanto 346 foram encerrados. A diferen\u00e7a resultou em saldo positivo de 365 novas empresas no per\u00edodo, desempenho 31,8% superior ao registrado no mesmo m\u00eas do ano passado e o melhor resultado para julho desde o per\u00edodo p\u00f3s-pandemia.<\/p>\n\n\n\n<p class=\"wp-block-paragraph\">Quando considerado o acumulado dos sete primeiros meses do ano, o munic\u00edpio contabilizou 4.580 empresas abertas e 2.667 encerradas. Com isso, o saldo l\u00edquido chegou a 1.913 novos neg\u00f3cios entre janeiro e julho, mantendo Cabo Frio na lideran\u00e7a da Regi\u00e3o dos Lagos em gera\u00e7\u00e3o l\u00edquida de empresas.<\/p>\n\n\n\n<p class=\"wp-block-paragraph\">A expans\u00e3o da atividade econ\u00f4mica tamb\u00e9m aparece nos indicadores de arrecada\u00e7\u00e3o. No comparativo apresentado entre 2025 e 2026, a receita proveniente do Imposto Sobre Servi\u00e7os (ISS) aumentou 10% e ultrapassou R$ 43 milh\u00f5es. O Imposto sobre Circula\u00e7\u00e3o de Mercadorias e Servi\u00e7os (ICMS), por sua vez, apresentou crescimento de 24,32%, passando de aproximadamente R$ 68,57 milh\u00f5es para R$ 85,24 milh\u00f5es. O Imposto sobre Transmiss\u00e3o de Bens Im\u00f3veis (ITBI) tamb\u00e9m avan\u00e7ou, com alta superior a 32% no per\u00edodo analisado.<\/p>\n\n\n\n<p class=\"wp-block-paragraph\">Apesar dos resultados, os n\u00fameros de arrecada\u00e7\u00e3o precisam ser observados em conjunto com fatores como infla\u00e7\u00e3o, altera\u00e7\u00f5es tribut\u00e1rias e poss\u00edveis efeitos de calend\u00e1rio. Para o secret\u00e1rio de Desenvolvimento Econ\u00f4mico, Marcelo Dusi, a leitura ganha maior relev\u00e2ncia quando diferentes indicadores caminham simultaneamente na mesma dire\u00e7\u00e3o.<\/p>\n\n\n\n<p class=\"wp-block-paragraph\">\u201cEmbora os dados de arrecada\u00e7\u00e3o devam ser analisados considerando fatores tribut\u00e1rios, infla\u00e7\u00e3o e eventuais efeitos de calend\u00e1rio, a eleva\u00e7\u00e3o simult\u00e2nea de ISS e ICMS, associada ao aumento do emprego formal e \u00e0 abertura l\u00edquida de empresas, amplia o conjunto de sinais positivos sobre o comportamento da economia municipal. Contudo, ainda temos muito a fazer. Cabo Frio ainda possui enormes desafios de infraestrutura, qualifica\u00e7\u00e3o profissional, mobilidade, ordenamento urbano, desburocratiza\u00e7\u00e3o e melhoria do ambiente de neg\u00f3cios. N\u00e3o podemos confundir bons indicadores com miss\u00e3o cumprida. Mas os n\u00fameros mostram que estamos no caminho certo\u201d, afirmou.<\/p>\n\n\n\n<p class=\"wp-block-paragraph\"><strong>Tamoios amplia participa\u00e7\u00e3o na economia de Cabo Frio<\/strong><\/p>\n\n\n\n<p class=\"wp-block-paragraph\">O avan\u00e7o da atividade econ\u00f4mica tamb\u00e9m vem sendo observado fora da regi\u00e3o central. Tamoios tem ampliado sua participa\u00e7\u00e3o na economia do munic\u00edpio, com movimenta\u00e7\u00e3o em setores como com\u00e9rcio, presta\u00e7\u00e3o de servi\u00e7os, mercado imobili\u00e1rio e implanta\u00e7\u00e3o de novos empreendimentos.<\/p>\n\n\n\n<p class=\"wp-block-paragraph\">O fortalecimento econ\u00f4mico do distrito contribui para uma configura\u00e7\u00e3o mais descentralizada da economia cabo-friense, com diferentes \u00e1reas do munic\u00edpio funcionando como polos de gera\u00e7\u00e3o de neg\u00f3cios, servi\u00e7os e oportunidades. O movimento tamb\u00e9m aumenta a necessidade de investimentos em infraestrutura e de pol\u00edticas capazes de acompanhar a expans\u00e3o das atividades econ\u00f4micas.<\/p>\n\n\n\n<p class=\"wp-block-paragraph\">Outro desafio apontado para os pr\u00f3ximos anos \u00e9 a qualifica\u00e7\u00e3o profissional. Apesar do crescimento do emprego formal, empresas de diferentes segmentos relatam dificuldades para encontrar trabalhadores preparados para determinadas fun\u00e7\u00f5es. A forma\u00e7\u00e3o de m\u00e3o de obra, portanto, passa a ocupar posi\u00e7\u00e3o estrat\u00e9gica para aproximar as vagas dispon\u00edveis dos profissionais que buscam uma oportunidade.<\/p>\n\n\n\n<p class=\"wp-block-paragraph\">Entre as frentes adotadas pelo munic\u00edpio est\u00e3o a\u00e7\u00f5es de aproxima\u00e7\u00e3o entre empresas e trabalhadores, capacita\u00e7\u00e3o profissional, incentivo ao empreendedorismo e simplifica\u00e7\u00e3o de procedimentos. A estrat\u00e9gia tamb\u00e9m envolve o fortalecimento do turismo, principal voca\u00e7\u00e3o econ\u00f4mica da cidade, a amplia\u00e7\u00e3o da conectividade a\u00e9rea e iniciativas voltadas \u00e0 atra\u00e7\u00e3o de investimentos privados.<\/p>\n\n\n\n<p class=\"wp-block-paragraph\">Para Marcelo Dusi, a combina\u00e7\u00e3o dos indicadores deve ser encarada como um sinal para a continuidade das a\u00e7\u00f5es, e n\u00e3o como uma conclus\u00e3o do processo de desenvolvimento econ\u00f4mico. \u201cA combina\u00e7\u00e3o dos resultados demonstra avan\u00e7o, mas exige continuidade. N\u00e3o devemos comemorar n\u00fameros olhando pelo retrovisor. Eles servem principalmente para mostrar se a dire\u00e7\u00e3o escolhida est\u00e1 funcionando. Emprego crescendo, empresas surgindo e indicadores de atividade econ\u00f4mica melhorando s\u00e3o sinais importantes. Agora precisamos acelerar, corrigir o que ainda n\u00e3o funciona e transformar essa tend\u00eancia em crescimento sustent\u00e1vel para Cabo Frio inteiro, da sede a Tamoios\u201d, concluiu.<\/p>\n","protected":false},"excerpt":{"rendered":"<p>O mercado de trabalho e a atividade empresarial de Cabo Frio apresentaram resultados positivos ao longo de 2026. O munic\u00edpio ultrapassou a marca de 40 mil v\u00ednculos formais de trabalho e manteve a posi\u00e7\u00e3o de principal mercado de emprego da Regi\u00e3o dos Lagos, enquanto a abertura de novos neg\u00f3cios e indicadores relacionados \u00e0 arrecada\u00e7\u00e3o tamb\u00e9m [&hellip;]<\/p>\n","protected":false},"author":2,"featured_media":35695,"comment_status":"open","ping_status":"open","sticky":false,"template":"","format":"standard","meta":{"footnotes":""},"categories":[14],"tags":[],"class_list":["post-35693","post","type-post","status-publish","format-standard","has-post-thumbnail","hentry","category-geral"],"_links":{"self":[{"href":"https:\/\/blogdodanielgalvao.com.br\/site\/wp-json\/wp\/v2\/posts\/35693","targetHints":{"allow":["GET"]}}],"collection":[{"href":"https:\/\/blogdodanielgalvao.com.br\/site\/wp-json\/wp\/v2\/posts"}],"about":[{"href":"https:\/\/blogdodanielgalvao.com.br\/site\/wp-json\/wp\/v2\/types\/post"}],"author":[{"embeddable":true,"href":"https:\/\/blogdodanielgalvao.com.br\/site\/wp-json\/wp\/v2\/users\/2"}],"replies":[{"embeddable":true,"href":"https:\/\/blogdodanielgalvao.com.br\/site\/wp-json\/wp\/v2\/comments?post=35693"}],"version-history":[{"count":2,"href":"https:\/\/blogdodanielgalvao.com.br\/site\/wp-json\/wp\/v2\/posts\/35693\/revisions"}],"predecessor-version":[{"id":35698,"href":"https:\/\/blogdodanielgalvao.com.br\/site\/wp-json\/wp\/v2\/posts\/35693\/revisions\/35698"}],"wp:featuredmedia":[{"embeddable":true,"href":"https:\/\/blogdodanielgalvao.com.br\/site\/wp-json\/wp\/v2\/media\/35695"}],"wp:attachment":[{"href":"https:\/\/blogdodanielgalvao.com.br\/site\/wp-json\/wp\/v2\/media?parent=35693"}],"wp:term":[{"taxonomy":"category","embeddable":true,"href":"https:\/\/blogdodanielgalvao.com.br\/site\/wp-json\/wp\/v2\/categories?post=35693"},{"taxonomy":"post_tag","embeddable":true,"href":"https:\/\/blogdodanielgalvao.com.br\/site\/wp-json\/wp\/v2\/tags?post=35693"}],"curies":[{"name":"wp","href":"https:\/\/api.w.org\/{rel}","templated":true}]}}