{"id":35678,"date":"2026-09-02T15:03:35","date_gmt":"2026-09-02T18:03:35","guid":{"rendered":"https:\/\/blogdodanielgalvao.com.br\/site\/?p=35678"},"modified":"2026-09-02T15:03:47","modified_gmt":"2026-09-02T18:03:47","slug":"cabo-frio-abre-novo-ciclo-de-capacitacoes-para-servidores-municipais","status":"publish","type":"post","link":"https:\/\/blogdodanielgalvao.com.br\/site\/cabo-frio-abre-novo-ciclo-de-capacitacoes-para-servidores-municipais\/","title":{"rendered":"Cabo Frio abre novo ciclo de capacita\u00e7\u00f5es para servidores municipais"},"content":{"rendered":"\n<p class=\"wp-block-paragraph\">A qualifica\u00e7\u00e3o dos servidores p\u00fablicos de Cabo Frio ganha uma nova etapa neste segundo semestre. Entre setembro e outubro, a Escola de Gest\u00e3o Municipal (EGM) vai promover seis cursos gratuitos direcionados a diferentes \u00e1reas da Administra\u00e7\u00e3o P\u00fablica, com conte\u00fados voltados \u00e0 atualiza\u00e7\u00e3o profissional e ao aprimoramento dos servi\u00e7os oferecidos \u00e0 popula\u00e7\u00e3o.<\/p>\n\n\n\n<p class=\"wp-block-paragraph\">O novo ciclo come\u00e7a nesta sexta-feira (04), com o curso \u201cSistema de Protocolo Digital: Processos e Gest\u00e3o Documental\u201d, que ainda possui as \u00faltimas vagas dispon\u00edveis. A capacita\u00e7\u00e3o estava inicialmente marcada para 21 de agosto, mas teve a data alterada. Ainda em setembro, no dia 25, os servidores poder\u00e3o participar do curso \u201cGest\u00e3o de Bens M\u00f3veis no Munic\u00edpio\u201d. Em outubro, a agenda ter\u00e1 \u201cElabora\u00e7\u00e3o de Expedientes e Atos Administrativos\u201d, no dia 1\u00ba; \u201cOutubro Rosa: Preven\u00e7\u00e3o e Cuidado Integral com a Sa\u00fade da Mulher\u201d, no dia 2; \u201cGest\u00e3o de Equipes e Lideran\u00e7a\u201d, no dia 9; e \u201cSindic\u00e2ncia, PAD e Tomada de Contas: Procedimentos e Responsabilidades\u201d, no dia 23.<\/p>\n\n\n\n<p class=\"wp-block-paragraph\">Criada em outubro de 2025, a Escola de Gest\u00e3o Municipal j\u00e1 realizou 30 cursos e certificou 875 servidores de 19 secretarias municipais, entre pastas principais e adjuntas. A iniciativa busca fortalecer a forma\u00e7\u00e3o continuada do funcionalismo e contribuir para uma gest\u00e3o p\u00fablica mais qualificada e eficiente. Os servidores interessados nas pr\u00f3ximas capacita\u00e7\u00f5es podem consultar mais informa\u00e7\u00f5es e realizar as inscri\u00e7\u00f5es pelo site da Prefeitura de Cabo Frio.<\/p>\n\n\n\n<p class=\"wp-block-paragraph\">Inscri\u00e7\u00f5es: <a href=\"https:\/\/forms.gle\/LKb1VnhGZo8VKH6T6\">https:\/\/forms.gle\/LKb1VnhGZo8VKH6T6<\/a>&nbsp;&nbsp;&nbsp; &nbsp;&nbsp;<\/p>\n","protected":false},"excerpt":{"rendered":"<p>A qualifica\u00e7\u00e3o dos servidores p\u00fablicos de Cabo Frio ganha uma nova etapa neste segundo semestre. Entre setembro e outubro, a Escola de Gest\u00e3o Municipal (EGM) vai promover seis cursos gratuitos direcionados a diferentes \u00e1reas da Administra\u00e7\u00e3o P\u00fablica, com conte\u00fados voltados \u00e0 atualiza\u00e7\u00e3o profissional e ao aprimoramento dos servi\u00e7os oferecidos \u00e0 popula\u00e7\u00e3o. O novo ciclo come\u00e7a [&hellip;]<\/p>\n","protected":false},"author":2,"featured_media":35679,"comment_status":"open","ping_status":"open","sticky":false,"template":"","format":"standard","meta":{"footnotes":""},"categories":[14],"tags":[4042,411,3578,4143,4600,4640,850,4144,4605,4394],"class_list":["post-35678","post","type-post","status-publish","format-standard","has-post-thumbnail","hentry","category-geral","tag-administracao-publica","tag-cabo-frio","tag-capacitacao","tag-cursos-gratuitos","tag-escola-de-gestao-municipal","tag-gestao-publica","tag-outubro-rosa","tag-qualificacao-profissional","tag-servidores-publicos","tag-treinamento"],"_links":{"self":[{"href":"https:\/\/blogdodanielgalvao.com.br\/site\/wp-json\/wp\/v2\/posts\/35678","targetHints":{"allow":["GET"]}}],"collection":[{"href":"https:\/\/blogdodanielgalvao.com.br\/site\/wp-json\/wp\/v2\/posts"}],"about":[{"href":"https:\/\/blogdodanielgalvao.com.br\/site\/wp-json\/wp\/v2\/types\/post"}],"author":[{"embeddable":true,"href":"https:\/\/blogdodanielgalvao.com.br\/site\/wp-json\/wp\/v2\/users\/2"}],"replies":[{"embeddable":true,"href":"https:\/\/blogdodanielgalvao.com.br\/site\/wp-json\/wp\/v2\/comments?post=35678"}],"version-history":[{"count":1,"href":"https:\/\/blogdodanielgalvao.com.br\/site\/wp-json\/wp\/v2\/posts\/35678\/revisions"}],"predecessor-version":[{"id":35680,"href":"https:\/\/blogdodanielgalvao.com.br\/site\/wp-json\/wp\/v2\/posts\/35678\/revisions\/35680"}],"wp:featuredmedia":[{"embeddable":true,"href":"https:\/\/blogdodanielgalvao.com.br\/site\/wp-json\/wp\/v2\/media\/35679"}],"wp:attachment":[{"href":"https:\/\/blogdodanielgalvao.com.br\/site\/wp-json\/wp\/v2\/media?parent=35678"}],"wp:term":[{"taxonomy":"category","embeddable":true,"href":"https:\/\/blogdodanielgalvao.com.br\/site\/wp-json\/wp\/v2\/categories?post=35678"},{"taxonomy":"post_tag","embeddable":true,"href":"https:\/\/blogdodanielgalvao.com.br\/site\/wp-json\/wp\/v2\/tags?post=35678"}],"curies":[{"name":"wp","href":"https:\/\/api.w.org\/{rel}","templated":true}]}}