{"id":35671,"date":"2026-09-02T13:28:47","date_gmt":"2026-09-02T16:28:47","guid":{"rendered":"https:\/\/blogdodanielgalvao.com.br\/site\/?p=35671"},"modified":"2026-09-02T13:29:06","modified_gmt":"2026-09-02T16:29:06","slug":"oficina-antirracista-e-de-empregabilidade-sera-realizada-em-cabo-frio","status":"publish","type":"post","link":"https:\/\/blogdodanielgalvao.com.br\/site\/oficina-antirracista-e-de-empregabilidade-sera-realizada-em-cabo-frio\/","title":{"rendered":"Oficina antirracista e de empregabilidade ser\u00e1 realizada em Cabo Frio"},"content":{"rendered":"\n<p class=\"wp-block-paragraph\">A Semana da Diversidade de Cabo Frio contar\u00e1 com uma atividade voltada \u00e0 conscientiza\u00e7\u00e3o e \u00e0 amplia\u00e7\u00e3o de oportunidades no mercado de trabalho. Nesta sexta-feira (4), das 14h \u00e0s 18h, ser\u00e1 realizada uma oficina de enfrentamento ao racismo e empregabilidade no Terminal de Transatl\u00e2nticos, na Passagem. A capacita\u00e7\u00e3o \u00e9 aberta ao p\u00fablico, mediante inscri\u00e7\u00e3o pr\u00e9via, e possui vagas limitadas.<\/p>\n\n\n\n<p class=\"wp-block-paragraph\">A iniciativa pretende estimular o posicionamento antirracista, promover o debate sobre diferentes formas de discrimina\u00e7\u00e3o e abordar caminhos para o fortalecimento da empregabilidade. A atividade tem aten\u00e7\u00e3o especial \u00e0 popula\u00e7\u00e3o trans do munic\u00edpio, mas pode receber qualquer pessoa interessada no tema. A realiza\u00e7\u00e3o re\u00fane a Feira Transperiferia, Conex\u00e3o G e representantes das pol\u00edticas de Direitos Humanos, com apoio do Centro de Cidadania LGBTI da Baixada Litor\u00e2nea.<\/p>\n\n\n\n<p class=\"wp-block-paragraph\">Segundo a superintendente de Pol\u00edticas P\u00fablicas LGBTI+ de Cabo Frio, Barbara Barrozo, a proposta \u00e9 combinar conscientiza\u00e7\u00e3o e capacita\u00e7\u00e3o durante a programa\u00e7\u00e3o da Semana da Diversidade. A expectativa \u00e9 que a oficina contribua tanto para o enfrentamento ao racismo quanto para a prepara\u00e7\u00e3o dos participantes para oportunidades profissionais.<\/p>\n\n\n\n<p class=\"wp-block-paragraph\">As inscri\u00e7\u00f5es s\u00e3o gratuitas e devem ser feitas antecipadamente por meio do formul\u00e1rio dispon\u00edvel na internet. Como o n\u00famero de vagas \u00e9 limitado, os interessados devem garantir a participa\u00e7\u00e3o pelo formul\u00e1rio de inscri\u00e7\u00e3o.<\/p>\n\n\n\n<p class=\"wp-block-paragraph\"><strong>Inscreva-se na oficina<\/strong><\/p>\n\n\n\n<p class=\"wp-block-paragraph\"><a href=\"https:\/\/docs.google.com\/forms\/d\/e\/1FAIpQLScgX1ssw6KTokF75oiFhbetr1MNORHJ8YJDtCs9trH8GWF87A\/viewform?utm_source=chatgpt.com\">https:\/\/docs.google.com\/forms\/d\/e\/1FAIpQLScgX1ssw6KTokF75oiFhbetr1MNORHJ8YJDtCs9trH8GWF87A\/viewform?utm_source=chatgpt.com<\/a><\/p>\n","protected":false},"excerpt":{"rendered":"<p>A Semana da Diversidade de Cabo Frio contar\u00e1 com uma atividade voltada \u00e0 conscientiza\u00e7\u00e3o e \u00e0 amplia\u00e7\u00e3o de oportunidades no mercado de trabalho. Nesta sexta-feira (4), das 14h \u00e0s 18h, ser\u00e1 realizada uma oficina de enfrentamento ao racismo e empregabilidade no Terminal de Transatl\u00e2nticos, na Passagem. A capacita\u00e7\u00e3o \u00e9 aberta ao p\u00fablico, mediante inscri\u00e7\u00e3o pr\u00e9via, [&hellip;]<\/p>\n","protected":false},"author":2,"featured_media":35672,"comment_status":"open","ping_status":"open","sticky":false,"template":"","format":"standard","meta":{"footnotes":""},"categories":[340,2982],"tags":[],"class_list":["post-35671","post","type-post","status-publish","format-standard","has-post-thumbnail","hentry","category-cabo-frio","category-destaque-noticia-4"],"_links":{"self":[{"href":"https:\/\/blogdodanielgalvao.com.br\/site\/wp-json\/wp\/v2\/posts\/35671","targetHints":{"allow":["GET"]}}],"collection":[{"href":"https:\/\/blogdodanielgalvao.com.br\/site\/wp-json\/wp\/v2\/posts"}],"about":[{"href":"https:\/\/blogdodanielgalvao.com.br\/site\/wp-json\/wp\/v2\/types\/post"}],"author":[{"embeddable":true,"href":"https:\/\/blogdodanielgalvao.com.br\/site\/wp-json\/wp\/v2\/users\/2"}],"replies":[{"embeddable":true,"href":"https:\/\/blogdodanielgalvao.com.br\/site\/wp-json\/wp\/v2\/comments?post=35671"}],"version-history":[{"count":2,"href":"https:\/\/blogdodanielgalvao.com.br\/site\/wp-json\/wp\/v2\/posts\/35671\/revisions"}],"predecessor-version":[{"id":35674,"href":"https:\/\/blogdodanielgalvao.com.br\/site\/wp-json\/wp\/v2\/posts\/35671\/revisions\/35674"}],"wp:featuredmedia":[{"embeddable":true,"href":"https:\/\/blogdodanielgalvao.com.br\/site\/wp-json\/wp\/v2\/media\/35672"}],"wp:attachment":[{"href":"https:\/\/blogdodanielgalvao.com.br\/site\/wp-json\/wp\/v2\/media?parent=35671"}],"wp:term":[{"taxonomy":"category","embeddable":true,"href":"https:\/\/blogdodanielgalvao.com.br\/site\/wp-json\/wp\/v2\/categories?post=35671"},{"taxonomy":"post_tag","embeddable":true,"href":"https:\/\/blogdodanielgalvao.com.br\/site\/wp-json\/wp\/v2\/tags?post=35671"}],"curies":[{"name":"wp","href":"https:\/\/api.w.org\/{rel}","templated":true}]}}