{"id":35664,"date":"2026-09-02T10:37:07","date_gmt":"2026-09-02T13:37:07","guid":{"rendered":"https:\/\/blogdodanielgalvao.com.br\/site\/?p=35664"},"modified":"2026-09-02T10:37:16","modified_gmt":"2026-09-02T13:37:16","slug":"cabo-frio-celebra-20-anos-do-festival-internacional-de-danca","status":"publish","type":"post","link":"https:\/\/blogdodanielgalvao.com.br\/site\/cabo-frio-celebra-20-anos-do-festival-internacional-de-danca\/","title":{"rendered":"Cabo Frio celebra 20 anos do Festival Internacional de Dan\u00e7a"},"content":{"rendered":"\n<p class=\"wp-block-paragraph\">Cabo Frio entra no ritmo da dan\u00e7a a partir desta quarta-feira (2), com o in\u00edcio da 20\u00aa edi\u00e7\u00e3o do Festival Internacional de Dan\u00e7a. A programa\u00e7\u00e3o segue at\u00e9 7 de setembro no Gin\u00e1sio Poliesportivo Municipal Alfredo Barreto e deve reunir cerca de 1.300 participantes, n\u00famero recorde na hist\u00f3ria do evento. A abertura ser\u00e1 \u00e0s 14h, com o tradicional Projeto Escola, que re\u00fane alunos da rede de ensino, da Apae, dos Centros de Refer\u00eancia de Assist\u00eancia Social (Cras) e de projetos sociais ligados \u00e0s escolas de dan\u00e7a do munic\u00edpio. A entrada durante os dias de espet\u00e1culo ser\u00e1 solid\u00e1ria, mediante a doa\u00e7\u00e3o de 1 kg de alimento n\u00e3o perec\u00edvel, destinado ao Grupo de Apoio aos Idosos de Cabo Frio (GAI) e ao Centro de Aten\u00e7\u00e3o ao Jovem Espa\u00e7o Feliz (Cajef).<\/p>\n\n\n\n<p class=\"wp-block-paragraph\">A edi\u00e7\u00e3o comemorativa tamb\u00e9m ser\u00e1 marcada pelo retorno ao local onde parte da hist\u00f3ria do festival come\u00e7ou. Depois de duas d\u00e9cadas, o evento volta ao Gin\u00e1sio Poliesportivo Alfredo Barreto, agora reformado e preparado para receber bailarinos e p\u00fablico. Entre os dias 3 e 7 de setembro, a Mostra Competitiva reunir\u00e1 apresenta\u00e7\u00f5es de ballet cl\u00e1ssico, cl\u00e1ssicos de repert\u00f3rio, ballet neocl\u00e1ssico, dan\u00e7a contempor\u00e2nea, dan\u00e7as populares, dan\u00e7as urbanas, estilo livre e jazz. Os participantes ser\u00e3o avaliados por profissionais reconhecidos no cen\u00e1rio da dan\u00e7a, entre eles Ana Botafogo, Cec\u00edlia Kerche, Cristina Sanchez, Guiomar Boaventura, Henrique Talmah, Jorge Texeira, Karina Mendes, Fl\u00e1via Burlini, Rafael Gomes, Caio Nunes, Rodrigo Werneck, Rodrigo Soninho, Alexandre Xaverinho e Saulo Finelon. Ao todo, ser\u00e3o distribu\u00eddos R$ 20 mil em premia\u00e7\u00f5es, al\u00e9m de trof\u00e9us e medalhas.<\/p>\n\n\n\n<p class=\"wp-block-paragraph\">Ao longo de sua trajet\u00f3ria, o Festival Internacional de Dan\u00e7a de Cabo Frio j\u00e1 recebeu aproximadamente 19 mil bailarinos de diferentes estados brasileiros e de pa\u00edses como Chile, Peru, Argentina e Venezuela, al\u00e9m de profissionais ligados a importantes companhias do pa\u00eds. Para a idealizadora e diretora M\u00e1rcia Sampaio, celebrar os 20 anos justamente no espa\u00e7o que recebeu as primeiras edi\u00e7\u00f5es refor\u00e7a o car\u00e1ter simb\u00f3lico deste momento. Com patroc\u00ednio do Conselho Municipal de Turismo de Cabo Frio e apoio da Prefeitura de Cabo Frio, a edi\u00e7\u00e3o de 2026 une mem\u00f3ria, forma\u00e7\u00e3o de novos talentos e grandes nomes da dan\u00e7a em seis dias de programa\u00e7\u00e3o.&nbsp;&nbsp;&nbsp;<\/p>\n","protected":false},"excerpt":{"rendered":"<p>Cabo Frio entra no ritmo da dan\u00e7a a partir desta quarta-feira (2), com o in\u00edcio da 20\u00aa edi\u00e7\u00e3o do Festival Internacional de Dan\u00e7a. A programa\u00e7\u00e3o segue at\u00e9 7 de setembro no Gin\u00e1sio Poliesportivo Municipal Alfredo Barreto e deve reunir cerca de 1.300 participantes, n\u00famero recorde na hist\u00f3ria do evento. A abertura ser\u00e1 \u00e0s 14h, com [&hellip;]<\/p>\n","protected":false},"author":2,"featured_media":35666,"comment_status":"open","ping_status":"open","sticky":false,"template":"","format":"standard","meta":{"footnotes":""},"categories":[340,2981],"tags":[5030,3549,5031,411,212,5032,5033,3832,4013,5029,4240,478],"class_list":["post-35664","post","type-post","status-publish","format-standard","has-post-thumbnail","hentry","category-cabo-frio","category-destaque-noticia-3","tag-ana-botafogo","tag-arte","tag-ballet","tag-cabo-frio","tag-cultura","tag-danca-contemporanea","tag-danca-urbana","tag-evento-cultural","tag-festival-de-danca","tag-festival-internacional-de-danca","tag-jazz","tag-turismo"],"_links":{"self":[{"href":"https:\/\/blogdodanielgalvao.com.br\/site\/wp-json\/wp\/v2\/posts\/35664","targetHints":{"allow":["GET"]}}],"collection":[{"href":"https:\/\/blogdodanielgalvao.com.br\/site\/wp-json\/wp\/v2\/posts"}],"about":[{"href":"https:\/\/blogdodanielgalvao.com.br\/site\/wp-json\/wp\/v2\/types\/post"}],"author":[{"embeddable":true,"href":"https:\/\/blogdodanielgalvao.com.br\/site\/wp-json\/wp\/v2\/users\/2"}],"replies":[{"embeddable":true,"href":"https:\/\/blogdodanielgalvao.com.br\/site\/wp-json\/wp\/v2\/comments?post=35664"}],"version-history":[{"count":1,"href":"https:\/\/blogdodanielgalvao.com.br\/site\/wp-json\/wp\/v2\/posts\/35664\/revisions"}],"predecessor-version":[{"id":35667,"href":"https:\/\/blogdodanielgalvao.com.br\/site\/wp-json\/wp\/v2\/posts\/35664\/revisions\/35667"}],"wp:featuredmedia":[{"embeddable":true,"href":"https:\/\/blogdodanielgalvao.com.br\/site\/wp-json\/wp\/v2\/media\/35666"}],"wp:attachment":[{"href":"https:\/\/blogdodanielgalvao.com.br\/site\/wp-json\/wp\/v2\/media?parent=35664"}],"wp:term":[{"taxonomy":"category","embeddable":true,"href":"https:\/\/blogdodanielgalvao.com.br\/site\/wp-json\/wp\/v2\/categories?post=35664"},{"taxonomy":"post_tag","embeddable":true,"href":"https:\/\/blogdodanielgalvao.com.br\/site\/wp-json\/wp\/v2\/tags?post=35664"}],"curies":[{"name":"wp","href":"https:\/\/api.w.org\/{rel}","templated":true}]}}