{"id":35660,"date":"2026-09-01T17:32:58","date_gmt":"2026-09-01T20:32:58","guid":{"rendered":"https:\/\/blogdodanielgalvao.com.br\/site\/?p=35660"},"modified":"2026-09-01T17:33:11","modified_gmt":"2026-09-01T20:33:11","slug":"arraial-do-cabo-abre-inscricoes-para-auxilio-destinado-a-pescadores-artesanais","status":"publish","type":"post","link":"https:\/\/blogdodanielgalvao.com.br\/site\/arraial-do-cabo-abre-inscricoes-para-auxilio-destinado-a-pescadores-artesanais\/","title":{"rendered":"Arraial do Cabo abre inscri\u00e7\u00f5es para aux\u00edlio destinado a pescadores artesanais"},"content":{"rendered":"\n<p class=\"wp-block-paragraph\">Os pescadores artesanais de Arraial do Cabo poder\u00e3o se inscrever, entre os dias 8 e 11 de setembro, no Programa Municipal de Amparo ao Pescador (PMAP). A iniciativa prev\u00ea a concess\u00e3o de aux\u00edlio de at\u00e9 R$ 500 por benefici\u00e1rio e busca ampliar as pol\u00edticas p\u00fablicas de apoio aos profissionais que mant\u00eam viva uma das atividades mais tradicionais da hist\u00f3ria e da cultura cabista.<\/p>\n\n\n\n<p class=\"wp-block-paragraph\">As inscri\u00e7\u00f5es s\u00e3o gratuitas e ser\u00e3o realizadas de forma descentralizada. No dia 8 de setembro, o atendimento acontece das 9h \u00e0s 14h, no CRAS Francisco Rodrigues, na Rua Geraldo Alves C\u00e2ndido, n\u00ba 14 D, em Monte Alto. No dia 9, no mesmo hor\u00e1rio, o cadastro ser\u00e1 feito no CRAS Jos\u00e9 Henrique da Silva, na Rua S\u00e3o Janu\u00e1rio, n\u00ba 53, em Figueira. J\u00e1 nos dias 10 e 11, os interessados poder\u00e3o procurar a sede da Secretaria de Desenvolvimento Social, Trabalho, Renda e Direitos Humanos, na Rua Bernardino Viana, n\u00ba 108, na Praia Grande, tamb\u00e9m das 9h \u00e0s 14h. Gerenciado pela Secretaria de Desenvolvimento Social, Trabalho, Renda e Direitos Humanos em parceria com a Funda\u00e7\u00e3o Instituto de Pesca de Arraial do Cabo (FIPAC), o PMAP representa mais uma medida de valoriza\u00e7\u00e3o e prote\u00e7\u00e3o da pesca artesanal no munic\u00edpio. Os interessados devem observar os crit\u00e9rios e prazos previstos no edital, j\u00e1 que n\u00e3o ser\u00e3o aceitas inscri\u00e7\u00f5es ap\u00f3s o per\u00edodo estabelecido.<\/p>\n","protected":false},"excerpt":{"rendered":"<p>Os pescadores artesanais de Arraial do Cabo poder\u00e3o se inscrever, entre os dias 8 e 11 de setembro, no Programa Municipal de Amparo ao Pescador (PMAP). A iniciativa prev\u00ea a concess\u00e3o de aux\u00edlio de at\u00e9 R$ 500 por benefici\u00e1rio e busca ampliar as pol\u00edticas p\u00fablicas de apoio aos profissionais que mant\u00eam viva uma das atividades [&hellip;]<\/p>\n","protected":false},"author":2,"featured_media":35661,"comment_status":"open","ping_status":"open","sticky":false,"template":"","format":"standard","meta":{"footnotes":""},"categories":[2982,14],"tags":[],"class_list":["post-35660","post","type-post","status-publish","format-standard","has-post-thumbnail","hentry","category-destaque-noticia-4","category-geral"],"_links":{"self":[{"href":"https:\/\/blogdodanielgalvao.com.br\/site\/wp-json\/wp\/v2\/posts\/35660","targetHints":{"allow":["GET"]}}],"collection":[{"href":"https:\/\/blogdodanielgalvao.com.br\/site\/wp-json\/wp\/v2\/posts"}],"about":[{"href":"https:\/\/blogdodanielgalvao.com.br\/site\/wp-json\/wp\/v2\/types\/post"}],"author":[{"embeddable":true,"href":"https:\/\/blogdodanielgalvao.com.br\/site\/wp-json\/wp\/v2\/users\/2"}],"replies":[{"embeddable":true,"href":"https:\/\/blogdodanielgalvao.com.br\/site\/wp-json\/wp\/v2\/comments?post=35660"}],"version-history":[{"count":2,"href":"https:\/\/blogdodanielgalvao.com.br\/site\/wp-json\/wp\/v2\/posts\/35660\/revisions"}],"predecessor-version":[{"id":35663,"href":"https:\/\/blogdodanielgalvao.com.br\/site\/wp-json\/wp\/v2\/posts\/35660\/revisions\/35663"}],"wp:featuredmedia":[{"embeddable":true,"href":"https:\/\/blogdodanielgalvao.com.br\/site\/wp-json\/wp\/v2\/media\/35661"}],"wp:attachment":[{"href":"https:\/\/blogdodanielgalvao.com.br\/site\/wp-json\/wp\/v2\/media?parent=35660"}],"wp:term":[{"taxonomy":"category","embeddable":true,"href":"https:\/\/blogdodanielgalvao.com.br\/site\/wp-json\/wp\/v2\/categories?post=35660"},{"taxonomy":"post_tag","embeddable":true,"href":"https:\/\/blogdodanielgalvao.com.br\/site\/wp-json\/wp\/v2\/tags?post=35660"}],"curies":[{"name":"wp","href":"https:\/\/api.w.org\/{rel}","templated":true}]}}