{"id":35657,"date":"2026-09-01T17:27:55","date_gmt":"2026-09-01T20:27:55","guid":{"rendered":"https:\/\/blogdodanielgalvao.com.br\/site\/?p=35657"},"modified":"2026-09-01T17:28:08","modified_gmt":"2026-09-01T20:28:08","slug":"maria-gadu-sera-atracao-principal-da-21a-parada-do-orgulho-lgbti-de-cabo-frio","status":"publish","type":"post","link":"https:\/\/blogdodanielgalvao.com.br\/site\/maria-gadu-sera-atracao-principal-da-21a-parada-do-orgulho-lgbti-de-cabo-frio\/","title":{"rendered":"Maria Gad\u00fa ser\u00e1 atra\u00e7\u00e3o principal da 21\u00aa Parada do Orgulho LGBTI+ de Cabo Frio"},"content":{"rendered":"\n<p class=\"wp-block-paragraph\">A Praia do Forte ser\u00e1 palco de uma grande celebra\u00e7\u00e3o da diversidade neste domingo (6), com a realiza\u00e7\u00e3o da 21\u00aa Parada do Orgulho LGBTI+ de Cabo Frio. A programa\u00e7\u00e3o come\u00e7a \u00e0s 15h e ter\u00e1 como principal atra\u00e7\u00e3o a cantora Maria Gad\u00fa, al\u00e9m de reunir m\u00fasica, performances e diferentes manifesta\u00e7\u00f5es culturais em um dos principais cart\u00f5es-postais da cidade.<\/p>\n\n\n\n<p class=\"wp-block-paragraph\">Com o tema \u201cNossa Voz, Nossa Escuta\u201d, a edi\u00e7\u00e3o de 2026 prop\u00f5e fortalecer a visibilidade, o respeito, a cidadania e a luta por direitos da popula\u00e7\u00e3o LGBTI+. A apresenta\u00e7\u00e3o ficar\u00e1 por conta de Monayra Manon, enquanto as drag queens Naomi Shiine, Kim Blem, Mikaelly e Mary Miller integram a programa\u00e7\u00e3o. A m\u00fasica tamb\u00e9m ficar\u00e1 sob o comando de Dieesel DJ, Melkan, Sabrina S\u00e1, Nanda Machado e Braune.<\/p>\n\n\n\n<p class=\"wp-block-paragraph\">A 21\u00aa Parada do Orgulho LGBTI+ pretende reunir moradores, turistas, coletivos e representantes da comunidade em uma tarde de celebra\u00e7\u00e3o e conscientiza\u00e7\u00e3o. O evento \u00e9 realizado por Carnagay, M\u00e3es da Transi\u00e7\u00e3o, Cabo Free, Lesbilagos e Transcender, com apoio do poder p\u00fablico municipal e estadual e de institui\u00e7\u00f5es ligadas \u00e0 promo\u00e7\u00e3o da cidadania LGBTI+.<\/p>\n\n\n\n<p class=\"wp-block-paragraph\"><strong>Servi\u00e7o<\/strong><\/p>\n\n\n\n<p class=\"wp-block-paragraph\">Data: 6 de setembro<\/p>\n\n\n\n<p class=\"wp-block-paragraph\">Hor\u00e1rio: a partir das 15h<\/p>\n\n\n\n<p class=\"wp-block-paragraph\">Local: Praia do Forte, Cabo Frio&nbsp;&nbsp;<\/p>\n","protected":false},"excerpt":{"rendered":"<p>A Praia do Forte ser\u00e1 palco de uma grande celebra\u00e7\u00e3o da diversidade neste domingo (6), com a realiza\u00e7\u00e3o da 21\u00aa Parada do Orgulho LGBTI+ de Cabo Frio. A programa\u00e7\u00e3o come\u00e7a \u00e0s 15h e ter\u00e1 como principal atra\u00e7\u00e3o a cantora Maria Gad\u00fa, al\u00e9m de reunir m\u00fasica, performances e diferentes manifesta\u00e7\u00f5es culturais em um dos principais cart\u00f5es-postais [&hellip;]<\/p>\n","protected":false},"author":2,"featured_media":35658,"comment_status":"open","ping_status":"open","sticky":false,"template":"","format":"standard","meta":{"footnotes":""},"categories":[2331],"tags":[],"class_list":["post-35657","post","type-post","status-publish","format-standard","has-post-thumbnail","hentry","category-cultura"],"_links":{"self":[{"href":"https:\/\/blogdodanielgalvao.com.br\/site\/wp-json\/wp\/v2\/posts\/35657","targetHints":{"allow":["GET"]}}],"collection":[{"href":"https:\/\/blogdodanielgalvao.com.br\/site\/wp-json\/wp\/v2\/posts"}],"about":[{"href":"https:\/\/blogdodanielgalvao.com.br\/site\/wp-json\/wp\/v2\/types\/post"}],"author":[{"embeddable":true,"href":"https:\/\/blogdodanielgalvao.com.br\/site\/wp-json\/wp\/v2\/users\/2"}],"replies":[{"embeddable":true,"href":"https:\/\/blogdodanielgalvao.com.br\/site\/wp-json\/wp\/v2\/comments?post=35657"}],"version-history":[{"count":1,"href":"https:\/\/blogdodanielgalvao.com.br\/site\/wp-json\/wp\/v2\/posts\/35657\/revisions"}],"predecessor-version":[{"id":35659,"href":"https:\/\/blogdodanielgalvao.com.br\/site\/wp-json\/wp\/v2\/posts\/35657\/revisions\/35659"}],"wp:featuredmedia":[{"embeddable":true,"href":"https:\/\/blogdodanielgalvao.com.br\/site\/wp-json\/wp\/v2\/media\/35658"}],"wp:attachment":[{"href":"https:\/\/blogdodanielgalvao.com.br\/site\/wp-json\/wp\/v2\/media?parent=35657"}],"wp:term":[{"taxonomy":"category","embeddable":true,"href":"https:\/\/blogdodanielgalvao.com.br\/site\/wp-json\/wp\/v2\/categories?post=35657"},{"taxonomy":"post_tag","embeddable":true,"href":"https:\/\/blogdodanielgalvao.com.br\/site\/wp-json\/wp\/v2\/tags?post=35657"}],"curies":[{"name":"wp","href":"https:\/\/api.w.org\/{rel}","templated":true}]}}