{"id":35654,"date":"2026-09-01T16:13:11","date_gmt":"2026-09-01T19:13:11","guid":{"rendered":"https:\/\/blogdodanielgalvao.com.br\/site\/?p=35654"},"modified":"2026-09-01T16:13:23","modified_gmt":"2026-09-01T19:13:23","slug":"cabo-frio-registra-244-atendimentos-em-acoes-sociais-nos-bairros","status":"publish","type":"post","link":"https:\/\/blogdodanielgalvao.com.br\/site\/cabo-frio-registra-244-atendimentos-em-acoes-sociais-nos-bairros\/","title":{"rendered":"Cabo Frio registra 244 atendimentos em a\u00e7\u00f5es sociais nos bairros"},"content":{"rendered":"\n<p class=\"wp-block-paragraph\">A descentraliza\u00e7\u00e3o dos servi\u00e7os socioassistenciais levou atendimento a diferentes regi\u00f5es de Cabo Frio durante o m\u00eas de agosto. Ao todo, sete a\u00e7\u00f5es realizadas em bairros, pra\u00e7as e espa\u00e7os p\u00fablicos contabilizaram 244 atendimentos, reunindo servi\u00e7os do Cadastro \u00danico, orienta\u00e7\u00f5es sociais e iniciativas voltadas \u00e0 prote\u00e7\u00e3o e \u00e0 garantia de direitos da popula\u00e7\u00e3o.<\/p>\n\n\n\n<p class=\"wp-block-paragraph\">Entre as atividades, cinco edi\u00e7\u00f5es contaram com o Chega Mais Cad\u00danico, projeto itinerante que leva os servi\u00e7os do Cadastro \u00danico diretamente \u00e0s comunidades. Somente essas a\u00e7\u00f5es somaram 182 atendimentos durante o m\u00eas. Na Reserva do Per\u00f3, por exemplo, a iniciativa realizou 62 atendimentos no dia 4 de agosto. Durante as atividades, a popula\u00e7\u00e3o pode receber orienta\u00e7\u00f5es, solicitar inclus\u00e3o cadastral e atualizar informa\u00e7\u00f5es utilizadas como refer\u00eancia para o acesso a diferentes programas sociais. A programa\u00e7\u00e3o de agosto tamb\u00e9m incluiu a\u00e7\u00f5es relacionadas ao Agosto Lil\u00e1s, voltadas \u00e0 prote\u00e7\u00e3o e aos direitos das mulheres.<\/p>\n\n\n\n<p class=\"wp-block-paragraph\">A estrat\u00e9gia busca alcan\u00e7ar principalmente moradores que enfrentam dificuldades para chegar aos pontos fixos de atendimento, al\u00e9m de permitir a identifica\u00e7\u00e3o de situa\u00e7\u00f5es de vulnerabilidade diretamente nos territ\u00f3rios. O trabalho continua em setembro com novas a\u00e7\u00f5es em diferentes pontos do munic\u00edpio. Nesta ter\u00e7a-feira (1\u00ba), o atendimento acontece na Pra\u00e7a de Unamar, enquanto na quinta-feira (3) as equipes estar\u00e3o na Florestinha, dando continuidade \u00e0 oferta de servi\u00e7os socioassistenciais mais perto da popula\u00e7\u00e3o.&nbsp;&nbsp;&nbsp;<\/p>\n","protected":false},"excerpt":{"rendered":"<p>A descentraliza\u00e7\u00e3o dos servi\u00e7os socioassistenciais levou atendimento a diferentes regi\u00f5es de Cabo Frio durante o m\u00eas de agosto. Ao todo, sete a\u00e7\u00f5es realizadas em bairros, pra\u00e7as e espa\u00e7os p\u00fablicos contabilizaram 244 atendimentos, reunindo servi\u00e7os do Cadastro \u00danico, orienta\u00e7\u00f5es sociais e iniciativas voltadas \u00e0 prote\u00e7\u00e3o e \u00e0 garantia de direitos da popula\u00e7\u00e3o. Entre as atividades, cinco [&hellip;]<\/p>\n","protected":false},"author":2,"featured_media":35655,"comment_status":"open","ping_status":"open","sticky":false,"template":"","format":"standard","meta":{"footnotes":""},"categories":[340],"tags":[5019,2915,4458,411,4019,5020,5022,5021,2657,4493],"class_list":["post-35654","post","type-post","status-publish","format-standard","has-post-thumbnail","hentry","category-cabo-frio","tag-acoes-sociais","tag-agosto-lilas","tag-atendimento-itinerante","tag-cabo-frio","tag-cadunico","tag-chega-mais","tag-comunidades","tag-direitos-sociais","tag-inclusao","tag-protecao-social"],"_links":{"self":[{"href":"https:\/\/blogdodanielgalvao.com.br\/site\/wp-json\/wp\/v2\/posts\/35654","targetHints":{"allow":["GET"]}}],"collection":[{"href":"https:\/\/blogdodanielgalvao.com.br\/site\/wp-json\/wp\/v2\/posts"}],"about":[{"href":"https:\/\/blogdodanielgalvao.com.br\/site\/wp-json\/wp\/v2\/types\/post"}],"author":[{"embeddable":true,"href":"https:\/\/blogdodanielgalvao.com.br\/site\/wp-json\/wp\/v2\/users\/2"}],"replies":[{"embeddable":true,"href":"https:\/\/blogdodanielgalvao.com.br\/site\/wp-json\/wp\/v2\/comments?post=35654"}],"version-history":[{"count":1,"href":"https:\/\/blogdodanielgalvao.com.br\/site\/wp-json\/wp\/v2\/posts\/35654\/revisions"}],"predecessor-version":[{"id":35656,"href":"https:\/\/blogdodanielgalvao.com.br\/site\/wp-json\/wp\/v2\/posts\/35654\/revisions\/35656"}],"wp:featuredmedia":[{"embeddable":true,"href":"https:\/\/blogdodanielgalvao.com.br\/site\/wp-json\/wp\/v2\/media\/35655"}],"wp:attachment":[{"href":"https:\/\/blogdodanielgalvao.com.br\/site\/wp-json\/wp\/v2\/media?parent=35654"}],"wp:term":[{"taxonomy":"category","embeddable":true,"href":"https:\/\/blogdodanielgalvao.com.br\/site\/wp-json\/wp\/v2\/categories?post=35654"},{"taxonomy":"post_tag","embeddable":true,"href":"https:\/\/blogdodanielgalvao.com.br\/site\/wp-json\/wp\/v2\/tags?post=35654"}],"curies":[{"name":"wp","href":"https:\/\/api.w.org\/{rel}","templated":true}]}}