{"id":35634,"date":"2026-09-01T12:01:41","date_gmt":"2026-09-01T15:01:41","guid":{"rendered":"https:\/\/blogdodanielgalvao.com.br\/site\/?p=35634"},"modified":"2026-09-01T12:02:11","modified_gmt":"2026-09-01T15:02:11","slug":"capacitacao-gratuita-em-arraial-do-cabo-abre-inscricoes-para-servidores-municipais","status":"publish","type":"post","link":"https:\/\/blogdodanielgalvao.com.br\/site\/capacitacao-gratuita-em-arraial-do-cabo-abre-inscricoes-para-servidores-municipais\/","title":{"rendered":"Capacita\u00e7\u00e3o gratuita em Arraial do Cabo abre inscri\u00e7\u00f5es para servidores municipais"},"content":{"rendered":"\n<p class=\"wp-block-paragraph\">Servidores p\u00fablicos municipais de todo o Estado do Rio de Janeiro podem se inscrever, at\u00e9 o dia 7 de setembro, para uma capacita\u00e7\u00e3o gratuita sobre tomada de contas que ser\u00e1 realizada em Arraial do Cabo. O curso acontece entre os dias 28 de setembro e 1\u00ba de outubro, das 9h \u00e0s 17h, no Centro Educacional e Cultural Manoel Camargo, na Avenida da Liberdade, s\/n, no Centro.<\/p>\n\n\n\n<p class=\"wp-block-paragraph\">Com o tema \u201cTomada de Contas, Tomada de Contas Especiais e Ex-Officio\u201d, a forma\u00e7\u00e3o ser\u00e1 ministrada pelo professor Humberto Horst Carvalho, do Tribunal de Contas do Estado do Rio de Janeiro (TCE-RJ). A programa\u00e7\u00e3o abordar\u00e1 assuntos relacionados \u00e0 obriga\u00e7\u00e3o de prestar contas, formaliza\u00e7\u00e3o dos processos, atua\u00e7\u00e3o do controle interno, julgamento das contas pelo Tribunal, chamamento ao processo e fase recursal, entre outros conte\u00fados ligados \u00e0 administra\u00e7\u00e3o p\u00fablica.<\/p>\n\n\n\n<p class=\"wp-block-paragraph\">Ao final da capacita\u00e7\u00e3o, os participantes poder\u00e3o receber certificado de frequ\u00eancia e aproveitamento. Para isso, ser\u00e1 necess\u00e1rio cumprir pelo menos 75% da carga hor\u00e1ria e alcan\u00e7ar nota igual ou superior a 6,0, conforme os crit\u00e9rios estabelecidos pelo instrutor. As inscri\u00e7\u00f5es s\u00e3o gratuitas e devem ser realizadas at\u00e9 7 de setembro diretamente pelo portal da Escola de Contas e Gest\u00e3o do TCE-RJ.<\/p>\n","protected":false},"excerpt":{"rendered":"<p>Servidores p\u00fablicos municipais de todo o Estado do Rio de Janeiro podem se inscrever, at\u00e9 o dia 7 de setembro, para uma capacita\u00e7\u00e3o gratuita sobre tomada de contas que ser\u00e1 realizada em Arraial do Cabo. O curso acontece entre os dias 28 de setembro e 1\u00ba de outubro, das 9h \u00e0s 17h, no Centro Educacional [&hellip;]<\/p>\n","protected":false},"author":2,"featured_media":35635,"comment_status":"open","ping_status":"open","sticky":false,"template":"","format":"standard","meta":{"footnotes":""},"categories":[838,2983],"tags":[4042,788,3578,5004,5003,5001,4640,4605,5000,5002],"class_list":["post-35634","post","type-post","status-publish","format-standard","has-post-thumbnail","hentry","category-arraial-do-cabo","category-destaque-noticia-5","tag-administracao-publica","tag-arraial-do-cabo","tag-capacitacao","tag-certificacao","tag-controle-interno","tag-curso-gratuito","tag-gestao-publica","tag-servidores-publicos","tag-tce-rj","tag-tomada-de-contas"],"_links":{"self":[{"href":"https:\/\/blogdodanielgalvao.com.br\/site\/wp-json\/wp\/v2\/posts\/35634","targetHints":{"allow":["GET"]}}],"collection":[{"href":"https:\/\/blogdodanielgalvao.com.br\/site\/wp-json\/wp\/v2\/posts"}],"about":[{"href":"https:\/\/blogdodanielgalvao.com.br\/site\/wp-json\/wp\/v2\/types\/post"}],"author":[{"embeddable":true,"href":"https:\/\/blogdodanielgalvao.com.br\/site\/wp-json\/wp\/v2\/users\/2"}],"replies":[{"embeddable":true,"href":"https:\/\/blogdodanielgalvao.com.br\/site\/wp-json\/wp\/v2\/comments?post=35634"}],"version-history":[{"count":1,"href":"https:\/\/blogdodanielgalvao.com.br\/site\/wp-json\/wp\/v2\/posts\/35634\/revisions"}],"predecessor-version":[{"id":35636,"href":"https:\/\/blogdodanielgalvao.com.br\/site\/wp-json\/wp\/v2\/posts\/35634\/revisions\/35636"}],"wp:featuredmedia":[{"embeddable":true,"href":"https:\/\/blogdodanielgalvao.com.br\/site\/wp-json\/wp\/v2\/media\/35635"}],"wp:attachment":[{"href":"https:\/\/blogdodanielgalvao.com.br\/site\/wp-json\/wp\/v2\/media?parent=35634"}],"wp:term":[{"taxonomy":"category","embeddable":true,"href":"https:\/\/blogdodanielgalvao.com.br\/site\/wp-json\/wp\/v2\/categories?post=35634"},{"taxonomy":"post_tag","embeddable":true,"href":"https:\/\/blogdodanielgalvao.com.br\/site\/wp-json\/wp\/v2\/tags?post=35634"}],"curies":[{"name":"wp","href":"https:\/\/api.w.org\/{rel}","templated":true}]}}