{"id":35630,"date":"2026-09-01T10:56:15","date_gmt":"2026-09-01T13:56:15","guid":{"rendered":"https:\/\/blogdodanielgalvao.com.br\/site\/?p=35630"},"modified":"2026-09-01T10:56:31","modified_gmt":"2026-09-01T13:56:31","slug":"cabo-frio-inicia-distribuicao-de-insulina-glargina-para-grupos-prioritarios","status":"publish","type":"post","link":"https:\/\/blogdodanielgalvao.com.br\/site\/cabo-frio-inicia-distribuicao-de-insulina-glargina-para-grupos-prioritarios\/","title":{"rendered":"Cabo Frio inicia distribui\u00e7\u00e3o de insulina Glargina para grupos priorit\u00e1rios"},"content":{"rendered":"\n<p class=\"wp-block-paragraph\">Cabo Frio inicia nesta ter\u00e7a-feira (1\u00ba) a transi\u00e7\u00e3o da insulina humana NPH para a insulina an\u00e1loga de a\u00e7\u00e3o prolongada Glargina em grupos priorit\u00e1rios. A medida segue determina\u00e7\u00e3o do Minist\u00e9rio da Sa\u00fade e integra uma estrat\u00e9gia nacional para garantir a continuidade do abastecimento pelo Sistema \u00danico de Sa\u00fade (SUS), al\u00e9m de ampliar o acesso a novas tecnologias no tratamento do diabetes. Nesta primeira etapa, ser\u00e3o contempladas crian\u00e7as e adolescentes de 2 a 17 anos com Diabetes Mellitus Tipo 1 (DM1) e pessoas a partir dos 70 anos com Diabetes Mellitus Tipo 1 ou Tipo 2 (DM2).<\/p>\n\n\n\n<p class=\"wp-block-paragraph\">A primeira remessa destinada ao munic\u00edpio conta com 84 canetas reutiliz\u00e1veis, 307 tubetes ou carpules de insulina Glargina 100 UI\/mL e agulhas de 4 mm para aplica\u00e7\u00e3o. Inicialmente, o medicamento estar\u00e1 dispon\u00edvel no Centro de Especialidades e Apoio Diagn\u00f3stico (CEAD), nas unidades b\u00e1sicas de sa\u00fade de Santo Ant\u00f4nio e Unamar, na Farm\u00e1cia Regional do Jardim Esperan\u00e7a e na Farm\u00e1cia B\u00e1sica Municipal. A estrat\u00e9gia tamb\u00e9m contempla novos diagn\u00f3sticos e assegura a continuidade do tratamento aos pacientes que completarem 18 anos durante o per\u00edodo de implementa\u00e7\u00e3o.<\/p>\n\n\n\n<p class=\"wp-block-paragraph\">A mudan\u00e7a ser\u00e1 realizada gradualmente em Cabo Frio, de acordo com o envio de novas remessas pelo Estado do Rio de Janeiro. Com o avan\u00e7o do abastecimento, a previs\u00e3o \u00e9 ampliar a disponibilidade da insulina Glargina para outras unidades da rede municipal. A implanta\u00e7\u00e3o segue crit\u00e9rios estabelecidos pelo Minist\u00e9rio da Sa\u00fade e pela Secretaria de Estado de Sa\u00fade, com prioridade para os p\u00fablicos definidos nesta primeira fase.&nbsp;&nbsp;<\/p>\n","protected":false},"excerpt":{"rendered":"<p>Cabo Frio inicia nesta ter\u00e7a-feira (1\u00ba) a transi\u00e7\u00e3o da insulina humana NPH para a insulina an\u00e1loga de a\u00e7\u00e3o prolongada Glargina em grupos priorit\u00e1rios. A medida segue determina\u00e7\u00e3o do Minist\u00e9rio da Sa\u00fade e integra uma estrat\u00e9gia nacional para garantir a continuidade do abastecimento pelo Sistema \u00danico de Sa\u00fade (SUS), al\u00e9m de ampliar o acesso a novas [&hellip;]<\/p>\n","protected":false},"author":2,"featured_media":35631,"comment_status":"open","ping_status":"open","sticky":false,"template":"","format":"standard","meta":{"footnotes":""},"categories":[2983,14],"tags":[411,4997,4996,1810,3699,273,3696,185,4998],"class_list":["post-35630","post","type-post","status-publish","format-standard","has-post-thumbnail","hentry","category-destaque-noticia-5","category-geral","tag-cabo-frio","tag-diabetes","tag-insulina-glargina","tag-medicamentos","tag-ministerio-da-saude","tag-rio-de-janeiro","tag-saude-publica","tag-sus","tag-tratamento"],"_links":{"self":[{"href":"https:\/\/blogdodanielgalvao.com.br\/site\/wp-json\/wp\/v2\/posts\/35630","targetHints":{"allow":["GET"]}}],"collection":[{"href":"https:\/\/blogdodanielgalvao.com.br\/site\/wp-json\/wp\/v2\/posts"}],"about":[{"href":"https:\/\/blogdodanielgalvao.com.br\/site\/wp-json\/wp\/v2\/types\/post"}],"author":[{"embeddable":true,"href":"https:\/\/blogdodanielgalvao.com.br\/site\/wp-json\/wp\/v2\/users\/2"}],"replies":[{"embeddable":true,"href":"https:\/\/blogdodanielgalvao.com.br\/site\/wp-json\/wp\/v2\/comments?post=35630"}],"version-history":[{"count":2,"href":"https:\/\/blogdodanielgalvao.com.br\/site\/wp-json\/wp\/v2\/posts\/35630\/revisions"}],"predecessor-version":[{"id":35633,"href":"https:\/\/blogdodanielgalvao.com.br\/site\/wp-json\/wp\/v2\/posts\/35630\/revisions\/35633"}],"wp:featuredmedia":[{"embeddable":true,"href":"https:\/\/blogdodanielgalvao.com.br\/site\/wp-json\/wp\/v2\/media\/35631"}],"wp:attachment":[{"href":"https:\/\/blogdodanielgalvao.com.br\/site\/wp-json\/wp\/v2\/media?parent=35630"}],"wp:term":[{"taxonomy":"category","embeddable":true,"href":"https:\/\/blogdodanielgalvao.com.br\/site\/wp-json\/wp\/v2\/categories?post=35630"},{"taxonomy":"post_tag","embeddable":true,"href":"https:\/\/blogdodanielgalvao.com.br\/site\/wp-json\/wp\/v2\/tags?post=35630"}],"curies":[{"name":"wp","href":"https:\/\/api.w.org\/{rel}","templated":true}]}}