{"id":35610,"date":"2026-08-31T15:15:43","date_gmt":"2026-08-31T18:15:43","guid":{"rendered":"https:\/\/blogdodanielgalvao.com.br\/site\/?p=35610"},"modified":"2026-08-31T15:16:18","modified_gmt":"2026-08-31T18:16:18","slug":"festival-da-sardinha-promete-movimentar-feriadao-em-cabo-frio","status":"publish","type":"post","link":"https:\/\/blogdodanielgalvao.com.br\/site\/festival-da-sardinha-promete-movimentar-feriadao-em-cabo-frio\/","title":{"rendered":"Festival da Sardinha promete movimentar feriad\u00e3o em Cabo Frio"},"content":{"rendered":"\n<p class=\"wp-block-paragraph\">O feriad\u00e3o da Independ\u00eancia ser\u00e1 de gastronomia e m\u00fasica em Cabo Frio. Entre os dias 4 e 7 de setembro, a Vila Nova recebe mais uma edi\u00e7\u00e3o do tradicional Festival da Sardinha, reunindo moradores e turistas na Rua Nicanor Pereira Couto, esquina com a M\u00e1rio Quintanilha. Na sexta-feira e no s\u00e1bado, as barracas abrem a partir das 18h, enquanto no domingo e na segunda-feira a programa\u00e7\u00e3o come\u00e7a ao meio-dia.<\/p>\n\n\n\n<p class=\"wp-block-paragraph\">Cerca de 25 barracas de gastronomia e artesanato v\u00e3o ocupar o espa\u00e7o durante os quatro dias de evento. A sardinha ser\u00e1 a grande protagonista do card\u00e1pio, aparecendo em receitas como moqueca, parmegiana, pizza, escabeche, nhoque ao molho de sardinha e vers\u00f5es fritas ou acompanhadas de molho de camar\u00e3o. Os pratos ter\u00e3o pre\u00e7o fixo de R$ 30. Realizado pela associa\u00e7\u00e3o de moradores do bairro, com apoio da Prefeitura de Cabo Frio, o festival tamb\u00e9m busca fortalecer a tradi\u00e7\u00e3o local e movimentar a economia da regi\u00e3o.<\/p>\n\n\n\n<p class=\"wp-block-paragraph\">A m\u00fasica completa a programa\u00e7\u00e3o com shows todos os dias. Na sexta-feira (4), Angel Duarte se apresenta \u00e0s 19h e Evandro Lino, \u00e0s 21h30. No s\u00e1bado (5), sobem ao palco L\u00e9o Parazi, \u00e0s 19h30, e La\u00eds Alfradique com a banda Boteco Chic, \u00e0s 21h30. O domingo (6) ter\u00e1 Davyd Povoas e Bateria da Vila, \u00e0s 16h, e Quintal do Chapoca, \u00e0s 19h30. Encerrando o festival na segunda-feira (7), Rubinho Oliveira se apresenta \u00e0s 18h e Juliara Ghiner, \u00e0s 21h.&nbsp;&nbsp;<\/p>\n","protected":false},"excerpt":{"rendered":"<p>O feriad\u00e3o da Independ\u00eancia ser\u00e1 de gastronomia e m\u00fasica em Cabo Frio. Entre os dias 4 e 7 de setembro, a Vila Nova recebe mais uma edi\u00e7\u00e3o do tradicional Festival da Sardinha, reunindo moradores e turistas na Rua Nicanor Pereira Couto, esquina com a M\u00e1rio Quintanilha. Na sexta-feira e no s\u00e1bado, as barracas abrem a [&hellip;]<\/p>\n","protected":false},"author":2,"featured_media":35611,"comment_status":"open","ping_status":"open","sticky":false,"template":"","format":"standard","meta":{"footnotes":""},"categories":[2331,2983],"tags":[411,4924,212,3718,4978,4977,4010,3831,478,4979],"class_list":["post-35610","post","type-post","status-publish","format-standard","has-post-thumbnail","hentry","category-cultura","category-destaque-noticia-5","tag-cabo-frio","tag-culinaria-brasileira","tag-cultura","tag-economia-local","tag-feriado-da-independencia","tag-festival-da-sardinha","tag-gastronomia","tag-musica","tag-turismo","tag-vila-nova"],"_links":{"self":[{"href":"https:\/\/blogdodanielgalvao.com.br\/site\/wp-json\/wp\/v2\/posts\/35610","targetHints":{"allow":["GET"]}}],"collection":[{"href":"https:\/\/blogdodanielgalvao.com.br\/site\/wp-json\/wp\/v2\/posts"}],"about":[{"href":"https:\/\/blogdodanielgalvao.com.br\/site\/wp-json\/wp\/v2\/types\/post"}],"author":[{"embeddable":true,"href":"https:\/\/blogdodanielgalvao.com.br\/site\/wp-json\/wp\/v2\/users\/2"}],"replies":[{"embeddable":true,"href":"https:\/\/blogdodanielgalvao.com.br\/site\/wp-json\/wp\/v2\/comments?post=35610"}],"version-history":[{"count":1,"href":"https:\/\/blogdodanielgalvao.com.br\/site\/wp-json\/wp\/v2\/posts\/35610\/revisions"}],"predecessor-version":[{"id":35613,"href":"https:\/\/blogdodanielgalvao.com.br\/site\/wp-json\/wp\/v2\/posts\/35610\/revisions\/35613"}],"wp:featuredmedia":[{"embeddable":true,"href":"https:\/\/blogdodanielgalvao.com.br\/site\/wp-json\/wp\/v2\/media\/35611"}],"wp:attachment":[{"href":"https:\/\/blogdodanielgalvao.com.br\/site\/wp-json\/wp\/v2\/media?parent=35610"}],"wp:term":[{"taxonomy":"category","embeddable":true,"href":"https:\/\/blogdodanielgalvao.com.br\/site\/wp-json\/wp\/v2\/categories?post=35610"},{"taxonomy":"post_tag","embeddable":true,"href":"https:\/\/blogdodanielgalvao.com.br\/site\/wp-json\/wp\/v2\/tags?post=35610"}],"curies":[{"name":"wp","href":"https:\/\/api.w.org\/{rel}","templated":true}]}}