{"id":35605,"date":"2026-08-31T15:11:51","date_gmt":"2026-08-31T18:11:51","guid":{"rendered":"https:\/\/blogdodanielgalvao.com.br\/site\/?p=35605"},"modified":"2026-08-31T15:12:05","modified_gmt":"2026-08-31T18:12:05","slug":"feira-do-xareu-reuniu-moradores-e-turistas-na-praia-dos-anjos","status":"publish","type":"post","link":"https:\/\/blogdodanielgalvao.com.br\/site\/feira-do-xareu-reuniu-moradores-e-turistas-na-praia-dos-anjos\/","title":{"rendered":"Feira do Xar\u00e9u reuniu moradores e turistas na Praia dos Anjos"},"content":{"rendered":"\n<p class=\"wp-block-paragraph\">A Feira Tur\u00edstica e Cultural do Xar\u00e9u movimentou a Pra\u00e7a da B\u00edblia, na Praia dos Anjos, com uma programa\u00e7\u00e3o que reuniu moradores e visitantes em Arraial do Cabo. O evento come\u00e7ou \u00e0s 18h e transformou o espa\u00e7o em um ponto de encontro com artesanato, gastronomia, cultura e op\u00e7\u00f5es de lazer para toda a fam\u00edlia.<\/p>\n\n\n\n<p class=\"wp-block-paragraph\">Al\u00e9m de proporcionar uma noite de entretenimento, a feira fortaleceu a economia criativa ao abrir espa\u00e7o para artistas, artes\u00e3os e empreendedores apresentarem seus trabalhos. A iniciativa tamb\u00e9m contribuiu para valorizar a produ\u00e7\u00e3o local e aproximar cultura e turismo, ampliando a visibilidade dos talentos do munic\u00edpio. A m\u00fasica completou a programa\u00e7\u00e3o com a apresenta\u00e7\u00e3o da Banda NoHall, que subiu ao palco \u00e0s 21h e animou o p\u00fablico ao som de sertanejo e forr\u00f3. O evento contou ainda com a participa\u00e7\u00e3o de profissionais selecionados pelo Edital de Credenciamento de Artistas e Profissionais de Arte e Cultura 2026, fortalecendo as oportunidades para artistas de Arraial do Cabo e da regi\u00e3o.&nbsp;&nbsp;<\/p>\n","protected":false},"excerpt":{"rendered":"<p>A Feira Tur\u00edstica e Cultural do Xar\u00e9u movimentou a Pra\u00e7a da B\u00edblia, na Praia dos Anjos, com uma programa\u00e7\u00e3o que reuniu moradores e visitantes em Arraial do Cabo. O evento come\u00e7ou \u00e0s 18h e transformou o espa\u00e7o em um ponto de encontro com artesanato, gastronomia, cultura e op\u00e7\u00f5es de lazer para toda a fam\u00edlia. Al\u00e9m [&hellip;]<\/p>\n","protected":false},"author":2,"featured_media":35607,"comment_status":"open","ping_status":"open","sticky":false,"template":"","format":"standard","meta":{"footnotes":""},"categories":[2331,2982],"tags":[],"class_list":["post-35605","post","type-post","status-publish","format-standard","has-post-thumbnail","hentry","category-cultura","category-destaque-noticia-4"],"_links":{"self":[{"href":"https:\/\/blogdodanielgalvao.com.br\/site\/wp-json\/wp\/v2\/posts\/35605","targetHints":{"allow":["GET"]}}],"collection":[{"href":"https:\/\/blogdodanielgalvao.com.br\/site\/wp-json\/wp\/v2\/posts"}],"about":[{"href":"https:\/\/blogdodanielgalvao.com.br\/site\/wp-json\/wp\/v2\/types\/post"}],"author":[{"embeddable":true,"href":"https:\/\/blogdodanielgalvao.com.br\/site\/wp-json\/wp\/v2\/users\/2"}],"replies":[{"embeddable":true,"href":"https:\/\/blogdodanielgalvao.com.br\/site\/wp-json\/wp\/v2\/comments?post=35605"}],"version-history":[{"count":2,"href":"https:\/\/blogdodanielgalvao.com.br\/site\/wp-json\/wp\/v2\/posts\/35605\/revisions"}],"predecessor-version":[{"id":35609,"href":"https:\/\/blogdodanielgalvao.com.br\/site\/wp-json\/wp\/v2\/posts\/35605\/revisions\/35609"}],"wp:featuredmedia":[{"embeddable":true,"href":"https:\/\/blogdodanielgalvao.com.br\/site\/wp-json\/wp\/v2\/media\/35607"}],"wp:attachment":[{"href":"https:\/\/blogdodanielgalvao.com.br\/site\/wp-json\/wp\/v2\/media?parent=35605"}],"wp:term":[{"taxonomy":"category","embeddable":true,"href":"https:\/\/blogdodanielgalvao.com.br\/site\/wp-json\/wp\/v2\/categories?post=35605"},{"taxonomy":"post_tag","embeddable":true,"href":"https:\/\/blogdodanielgalvao.com.br\/site\/wp-json\/wp\/v2\/tags?post=35605"}],"curies":[{"name":"wp","href":"https:\/\/api.w.org\/{rel}","templated":true}]}}