{"id":35602,"date":"2026-08-31T15:08:50","date_gmt":"2026-08-31T18:08:50","guid":{"rendered":"https:\/\/blogdodanielgalvao.com.br\/site\/?p=35602"},"modified":"2026-08-31T15:09:07","modified_gmt":"2026-08-31T18:09:07","slug":"cabo-frio-celebra-artistas-locais-na-primeira-expo-artes-de-tamoios","status":"publish","type":"post","link":"https:\/\/blogdodanielgalvao.com.br\/site\/cabo-frio-celebra-artistas-locais-na-primeira-expo-artes-de-tamoios\/","title":{"rendered":"Cabo Frio celebra artistas locais na primeira Expo Artes de Tamoios"},"content":{"rendered":"\n<p class=\"wp-block-paragraph\">A arte e a identidade cultural de Tamoios ganharam espa\u00e7o na hist\u00f3rica Fazenda Campos Novos com a realiza\u00e7\u00e3o da primeira Expo Artes do distrito. O evento reuniu diferentes manifesta\u00e7\u00f5es culturais e abriu espa\u00e7o para artistas, artes\u00e3os, fot\u00f3grafos e escultores apresentarem seus trabalhos ao p\u00fablico, al\u00e9m de contar com gastronomia, m\u00fasica e atividades ligadas \u00e0 hist\u00f3ria de Cabo Frio.<\/p>\n\n\n\n<p class=\"wp-block-paragraph\">Com uma proposta multicultural, a programa\u00e7\u00e3o transformou a Fazenda Campos Novos em um ponto de encontro entre arte, patrim\u00f4nio e tradi\u00e7\u00f5es locais. Al\u00e9m das apresenta\u00e7\u00f5es art\u00edsticas, o p\u00fablico p\u00f4de participar de visitas guiadas ao pr\u00e9dio hist\u00f3rico e conhecer a \u00c1rea de Exposi\u00e7\u00e3o e Conviv\u00eancia, criada para que os fazedores de cultura de Tamoios pudessem divulgar e comercializar suas produ\u00e7\u00f5es.<\/p>\n\n\n\n<p class=\"wp-block-paragraph\">A Expo Artes refor\u00e7ou a valoriza\u00e7\u00e3o dos talentos do distrito e ampliou os espa\u00e7os destinados \u00e0 produ\u00e7\u00e3o cultural local. Realizada gratuitamente, a primeira edi\u00e7\u00e3o tamb\u00e9m aproximou moradores e visitantes da hist\u00f3ria da Fazenda Campos Novos, reunindo em um mesmo ambiente patrim\u00f4nio hist\u00f3rico, economia criativa e diferentes express\u00f5es art\u00edsticas de Tamoios.&nbsp;&nbsp;<\/p>\n","protected":false},"excerpt":{"rendered":"<p>A arte e a identidade cultural de Tamoios ganharam espa\u00e7o na hist\u00f3rica Fazenda Campos Novos com a realiza\u00e7\u00e3o da primeira Expo Artes do distrito. O evento reuniu diferentes manifesta\u00e7\u00f5es culturais e abriu espa\u00e7o para artistas, artes\u00e3os, fot\u00f3grafos e escultores apresentarem seus trabalhos ao p\u00fablico, al\u00e9m de contar com gastronomia, m\u00fasica e atividades ligadas \u00e0 hist\u00f3ria [&hellip;]<\/p>\n","protected":false},"author":2,"featured_media":35604,"comment_status":"open","ping_status":"open","sticky":false,"template":"","format":"standard","meta":{"footnotes":""},"categories":[2331,2981],"tags":[4175,1144,411,212,4565,4973,4564,4010,3831,3689,3728,3955,4972],"class_list":["post-35602","post","type-post","status-publish","format-standard","has-post-thumbnail","hentry","category-cultura","category-destaque-noticia-3","tag-arte-local","tag-artesanato","tag-cabo-frio","tag-cultura","tag-economia-criativa","tag-expo-artes","tag-fazenda-campos-novos","tag-gastronomia","tag-musica","tag-patrimonio-historico","tag-tamoios","tag-tradicao","tag-turismo-cultural"],"_links":{"self":[{"href":"https:\/\/blogdodanielgalvao.com.br\/site\/wp-json\/wp\/v2\/posts\/35602","targetHints":{"allow":["GET"]}}],"collection":[{"href":"https:\/\/blogdodanielgalvao.com.br\/site\/wp-json\/wp\/v2\/posts"}],"about":[{"href":"https:\/\/blogdodanielgalvao.com.br\/site\/wp-json\/wp\/v2\/types\/post"}],"author":[{"embeddable":true,"href":"https:\/\/blogdodanielgalvao.com.br\/site\/wp-json\/wp\/v2\/users\/2"}],"replies":[{"embeddable":true,"href":"https:\/\/blogdodanielgalvao.com.br\/site\/wp-json\/wp\/v2\/comments?post=35602"}],"version-history":[{"count":1,"href":"https:\/\/blogdodanielgalvao.com.br\/site\/wp-json\/wp\/v2\/posts\/35602\/revisions"}],"predecessor-version":[{"id":35606,"href":"https:\/\/blogdodanielgalvao.com.br\/site\/wp-json\/wp\/v2\/posts\/35602\/revisions\/35606"}],"wp:featuredmedia":[{"embeddable":true,"href":"https:\/\/blogdodanielgalvao.com.br\/site\/wp-json\/wp\/v2\/media\/35604"}],"wp:attachment":[{"href":"https:\/\/blogdodanielgalvao.com.br\/site\/wp-json\/wp\/v2\/media?parent=35602"}],"wp:term":[{"taxonomy":"category","embeddable":true,"href":"https:\/\/blogdodanielgalvao.com.br\/site\/wp-json\/wp\/v2\/categories?post=35602"},{"taxonomy":"post_tag","embeddable":true,"href":"https:\/\/blogdodanielgalvao.com.br\/site\/wp-json\/wp\/v2\/tags?post=35602"}],"curies":[{"name":"wp","href":"https:\/\/api.w.org\/{rel}","templated":true}]}}