{"id":35599,"date":"2026-08-31T15:00:47","date_gmt":"2026-08-31T18:00:47","guid":{"rendered":"https:\/\/blogdodanielgalvao.com.br\/site\/?p=35599"},"modified":"2026-08-31T15:01:42","modified_gmt":"2026-08-31T18:01:42","slug":"cabo-frio-atualiza-profissionais-de-saude-bucal-sobre-esterilizacao","status":"publish","type":"post","link":"https:\/\/blogdodanielgalvao.com.br\/site\/cabo-frio-atualiza-profissionais-de-saude-bucal-sobre-esterilizacao\/","title":{"rendered":"Cabo Frio atualiza profissionais de sa\u00fade bucal sobre esteriliza\u00e7\u00e3o"},"content":{"rendered":"\n<p class=\"wp-block-paragraph\">Auxiliares de Sa\u00fade Bucal (ASBs) de Cabo Frio participaram, nesta semana, de uma capacita\u00e7\u00e3o voltada \u00e0 atualiza\u00e7\u00e3o dos procedimentos de esteriliza\u00e7\u00e3o e biosseguran\u00e7a adotados nos consult\u00f3rios odontol\u00f3gicos da rede municipal. O treinamento teve como foco a adequa\u00e7\u00e3o dos servi\u00e7os \u00e0s normas estabelecidas pela Ag\u00eancia Nacional de Vigil\u00e2ncia Sanit\u00e1ria (Anvisa), previstas na RDC 1002\/2025.<\/p>\n\n\n\n<p class=\"wp-block-paragraph\">Durante a atividade, os profissionais receberam orienta\u00e7\u00f5es sobre todas as etapas do processamento dos materiais utilizados nos atendimentos, desde a limpeza, secagem e embalagem at\u00e9 o funcionamento e controle das autoclaves, equipamentos respons\u00e1veis pela esteriliza\u00e7\u00e3o. A capacita\u00e7\u00e3o tamb\u00e9m abordou o registro t\u00e9cnico dos materiais e o acompanhamento dos prazos de validade, fundamentais para determinar quando um novo ciclo de esteriliza\u00e7\u00e3o deve ser realizado.<\/p>\n\n\n\n<p class=\"wp-block-paragraph\">A atualiza\u00e7\u00e3o dos profissionais acontece paralelamente \u00e0 moderniza\u00e7\u00e3o dos equipamentos utilizados nos consult\u00f3rios odontol\u00f3gicos da Rede de Aten\u00e7\u00e3o B\u00e1sica. As antigas autoclaves est\u00e3o sendo gradualmente substitu\u00eddas por modelos mais modernos, ampliando a seguran\u00e7a dos procedimentos e fortalecendo as condi\u00e7\u00f5es de biosseguran\u00e7a nos atendimentos oferecidos \u00e0 popula\u00e7\u00e3o em diferentes pontos de Cabo Frio.&nbsp;&nbsp;<\/p>\n","protected":false},"excerpt":{"rendered":"<p>Auxiliares de Sa\u00fade Bucal (ASBs) de Cabo Frio participaram, nesta semana, de uma capacita\u00e7\u00e3o voltada \u00e0 atualiza\u00e7\u00e3o dos procedimentos de esteriliza\u00e7\u00e3o e biosseguran\u00e7a adotados nos consult\u00f3rios odontol\u00f3gicos da rede municipal. O treinamento teve como foco a adequa\u00e7\u00e3o dos servi\u00e7os \u00e0s normas estabelecidas pela Ag\u00eancia Nacional de Vigil\u00e2ncia Sanit\u00e1ria (Anvisa), previstas na RDC 1002\/2025. Durante a [&hellip;]<\/p>\n","protected":false},"author":2,"featured_media":35600,"comment_status":"open","ping_status":"open","sticky":false,"template":"","format":"standard","meta":{"footnotes":""},"categories":[14],"tags":[],"class_list":["post-35599","post","type-post","status-publish","format-standard","has-post-thumbnail","hentry","category-geral"],"_links":{"self":[{"href":"https:\/\/blogdodanielgalvao.com.br\/site\/wp-json\/wp\/v2\/posts\/35599","targetHints":{"allow":["GET"]}}],"collection":[{"href":"https:\/\/blogdodanielgalvao.com.br\/site\/wp-json\/wp\/v2\/posts"}],"about":[{"href":"https:\/\/blogdodanielgalvao.com.br\/site\/wp-json\/wp\/v2\/types\/post"}],"author":[{"embeddable":true,"href":"https:\/\/blogdodanielgalvao.com.br\/site\/wp-json\/wp\/v2\/users\/2"}],"replies":[{"embeddable":true,"href":"https:\/\/blogdodanielgalvao.com.br\/site\/wp-json\/wp\/v2\/comments?post=35599"}],"version-history":[{"count":2,"href":"https:\/\/blogdodanielgalvao.com.br\/site\/wp-json\/wp\/v2\/posts\/35599\/revisions"}],"predecessor-version":[{"id":35603,"href":"https:\/\/blogdodanielgalvao.com.br\/site\/wp-json\/wp\/v2\/posts\/35599\/revisions\/35603"}],"wp:featuredmedia":[{"embeddable":true,"href":"https:\/\/blogdodanielgalvao.com.br\/site\/wp-json\/wp\/v2\/media\/35600"}],"wp:attachment":[{"href":"https:\/\/blogdodanielgalvao.com.br\/site\/wp-json\/wp\/v2\/media?parent=35599"}],"wp:term":[{"taxonomy":"category","embeddable":true,"href":"https:\/\/blogdodanielgalvao.com.br\/site\/wp-json\/wp\/v2\/categories?post=35599"},{"taxonomy":"post_tag","embeddable":true,"href":"https:\/\/blogdodanielgalvao.com.br\/site\/wp-json\/wp\/v2\/tags?post=35599"}],"curies":[{"name":"wp","href":"https:\/\/api.w.org\/{rel}","templated":true}]}}