{"id":35574,"date":"2026-08-28T12:11:05","date_gmt":"2026-08-28T15:11:05","guid":{"rendered":"https:\/\/blogdodanielgalvao.com.br\/site\/?p=35574"},"modified":"2026-08-28T12:18:12","modified_gmt":"2026-08-28T15:18:12","slug":"pernambuca-recebe-manha-de-servicos-gratuitos-em-arraial-do-cabo","status":"publish","type":"post","link":"https:\/\/blogdodanielgalvao.com.br\/site\/pernambuca-recebe-manha-de-servicos-gratuitos-em-arraial-do-cabo\/","title":{"rendered":"Pernambuca recebe manh\u00e3 de servi\u00e7os gratuitos em Arraial do Cabo"},"content":{"rendered":"\n<p class=\"wp-block-paragraph\">Moradores de Pernambuca ter\u00e3o acesso a uma s\u00e9rie de servi\u00e7os gratuitos neste s\u00e1bado (29), durante mais uma edi\u00e7\u00e3o do Programa Sa\u00fade na Escola (PSE), em Arraial do Cabo. A a\u00e7\u00e3o acontece das 9h \u00e0s 12h, no Col\u00e9gio Municipal Sotero Teixeira de Souza, na Avenida Cavalo Marinho, n\u00ba 70, reunindo atendimentos de sa\u00fade, cidadania, educa\u00e7\u00e3o e atividades voltadas para diferentes p\u00fablicos.<\/p>\n\n\n\n<p class=\"wp-block-paragraph\">Entre os servi\u00e7os dispon\u00edveis estar\u00e3o consulta de enfermagem, vacina\u00e7\u00e3o, aferi\u00e7\u00e3o da press\u00e3o arterial, teste de glicose e avalia\u00e7\u00e3o da sa\u00fade bucal, com escova\u00e7\u00e3o, aplica\u00e7\u00e3o de fl\u00faor e distribui\u00e7\u00e3o de kits de higiene. A programa\u00e7\u00e3o tamb\u00e9m ter\u00e1 orienta\u00e7\u00f5es sobre alimenta\u00e7\u00e3o saud\u00e1vel e cuidados com a pessoa idosa, al\u00e9m de atividades de preven\u00e7\u00e3o \u00e0 dengue. Os moradores poder\u00e3o ainda realizar cadastro e atualiza\u00e7\u00e3o de informa\u00e7\u00f5es no Cad\u00danico, receber orienta\u00e7\u00f5es sobre programas sociais, Trabalho e Renda e acessar servi\u00e7os voltados \u00e0s crian\u00e7as, adolescentes, jovens e fam\u00edlias. Corte de cabelo masculino tamb\u00e9m estar\u00e1 entre as atividades oferecidas.<\/p>\n\n\n\n<p class=\"wp-block-paragraph\">A manh\u00e3 contar\u00e1 ainda com Sala de Leitura, a\u00e7\u00f5es culturais e iniciativas de orienta\u00e7\u00e3o e integra\u00e7\u00e3o da comunidade. A proposta \u00e9 concentrar diferentes servi\u00e7os p\u00fablicos em um mesmo espa\u00e7o, facilitando o acesso da popula\u00e7\u00e3o e fortalecendo as a\u00e7\u00f5es de preven\u00e7\u00e3o e cuidado. Para os atendimentos destinados aos menores de idade, ser\u00e1 necess\u00e1ria a presen\u00e7a de um respons\u00e1vel, al\u00e9m da apresenta\u00e7\u00e3o do CPF e da Caderneta de Vacina\u00e7\u00e3o.&nbsp;&nbsp;&nbsp;<\/p>\n","protected":false},"excerpt":{"rendered":"<p>Moradores de Pernambuca ter\u00e3o acesso a uma s\u00e9rie de servi\u00e7os gratuitos neste s\u00e1bado (29), durante mais uma edi\u00e7\u00e3o do Programa Sa\u00fade na Escola (PSE), em Arraial do Cabo. A a\u00e7\u00e3o acontece das 9h \u00e0s 12h, no Col\u00e9gio Municipal Sotero Teixeira de Souza, na Avenida Cavalo Marinho, n\u00ba 70, reunindo atendimentos de sa\u00fade, cidadania, educa\u00e7\u00e3o e [&hellip;]<\/p>\n","protected":false},"author":2,"featured_media":35576,"comment_status":"open","ping_status":"open","sticky":false,"template":"","format":"standard","meta":{"footnotes":""},"categories":[838],"tags":[4941,788,4019,1390,842,212,439,4940,4117,4029,795,4942,4028],"class_list":["post-35574","post","type-post","status-publish","format-standard","has-post-thumbnail","hentry","category-arraial-do-cabo","tag-acao-social","tag-arraial-do-cabo","tag-cadunico","tag-cidadania","tag-comunidade","tag-cultura","tag-educacao","tag-pernambuca","tag-prevencao","tag-programa-saude-na-escola","tag-saude","tag-servicos-gratuitos","tag-vacinacao"],"_links":{"self":[{"href":"https:\/\/blogdodanielgalvao.com.br\/site\/wp-json\/wp\/v2\/posts\/35574","targetHints":{"allow":["GET"]}}],"collection":[{"href":"https:\/\/blogdodanielgalvao.com.br\/site\/wp-json\/wp\/v2\/posts"}],"about":[{"href":"https:\/\/blogdodanielgalvao.com.br\/site\/wp-json\/wp\/v2\/types\/post"}],"author":[{"embeddable":true,"href":"https:\/\/blogdodanielgalvao.com.br\/site\/wp-json\/wp\/v2\/users\/2"}],"replies":[{"embeddable":true,"href":"https:\/\/blogdodanielgalvao.com.br\/site\/wp-json\/wp\/v2\/comments?post=35574"}],"version-history":[{"count":1,"href":"https:\/\/blogdodanielgalvao.com.br\/site\/wp-json\/wp\/v2\/posts\/35574\/revisions"}],"predecessor-version":[{"id":35577,"href":"https:\/\/blogdodanielgalvao.com.br\/site\/wp-json\/wp\/v2\/posts\/35574\/revisions\/35577"}],"wp:featuredmedia":[{"embeddable":true,"href":"https:\/\/blogdodanielgalvao.com.br\/site\/wp-json\/wp\/v2\/media\/35576"}],"wp:attachment":[{"href":"https:\/\/blogdodanielgalvao.com.br\/site\/wp-json\/wp\/v2\/media?parent=35574"}],"wp:term":[{"taxonomy":"category","embeddable":true,"href":"https:\/\/blogdodanielgalvao.com.br\/site\/wp-json\/wp\/v2\/categories?post=35574"},{"taxonomy":"post_tag","embeddable":true,"href":"https:\/\/blogdodanielgalvao.com.br\/site\/wp-json\/wp\/v2\/tags?post=35574"}],"curies":[{"name":"wp","href":"https:\/\/api.w.org\/{rel}","templated":true}]}}