{"id":35570,"date":"2026-08-28T10:40:47","date_gmt":"2026-08-28T13:40:47","guid":{"rendered":"https:\/\/blogdodanielgalvao.com.br\/site\/?p=35570"},"modified":"2026-08-28T10:41:00","modified_gmt":"2026-08-28T13:41:00","slug":"cabo-frio-prepara-escolas-para-agir-na-hora-da-crise","status":"publish","type":"post","link":"https:\/\/blogdodanielgalvao.com.br\/site\/cabo-frio-prepara-escolas-para-agir-na-hora-da-crise\/","title":{"rendered":"Cabo Frio prepara escolas para agir na hora da crise"},"content":{"rendered":"\n<p class=\"wp-block-paragraph\">Profissionais da rede municipal de ensino de Cabo Frio participaram, nesta ter\u00e7a-feira (25), de uma capacita\u00e7\u00e3o voltada ao reconhecimento e ao manejo de situa\u00e7\u00f5es de crise no ambiente escolar. Realizada na Escola Municipal Professor Renato Azevedo, unidade especializada da rede, a forma\u00e7\u00e3o abordou formas de identificar sinais de sofrimento ps\u00edquico, agita\u00e7\u00e3o ou desorganiza\u00e7\u00e3o comportamental, al\u00e9m de orientar sobre os procedimentos mais adequados para preservar a seguran\u00e7a e o bem-estar dos estudantes.<\/p>\n\n\n\n<p class=\"wp-block-paragraph\">Durante o encontro, os participantes receberam orienta\u00e7\u00f5es sobre acolhimento, comunica\u00e7\u00e3o, redu\u00e7\u00e3o de est\u00edmulos, prote\u00e7\u00e3o e acionamento da rede de apoio. A forma\u00e7\u00e3o foi conduzida pelo enfermeiro Lucas de Oliveira, especialista em Enfermagem em Sa\u00fade Mental, e pelo psic\u00f3logo Aleksander Henrique F\u00e9lix, profissional da \u00e1rea de Sa\u00fade Mental e Aten\u00e7\u00e3o Psicossocial. A interven\u00e7\u00e3o f\u00edsica tamb\u00e9m integrou o debate, mas foi apresentada como uma medida excepcional, restrita a situa\u00e7\u00f5es de risco significativo e imediato \u00e0 integridade do estudante ou de terceiros. A abordagem refor\u00e7ou que preven\u00e7\u00e3o, escuta e constru\u00e7\u00e3o de v\u00ednculo devem ocupar papel central no atendimento \u00e0s crises.<\/p>\n\n\n\n<p class=\"wp-block-paragraph\">A iniciativa tamb\u00e9m buscou fortalecer a articula\u00e7\u00e3o entre Educa\u00e7\u00e3o, Sa\u00fade Mental e rede de prote\u00e7\u00e3o, ampliando o preparo das equipes para lidar com diferentes necessidades no cotidiano escolar. Para a supervisora de Educa\u00e7\u00e3o Inclusiva e Acessibilidade, Juliana Veiga, a qualifica\u00e7\u00e3o contribui para consolidar pr\u00e1ticas baseadas no respeito, na dignidade e na prote\u00e7\u00e3o dos estudantes. A forma\u00e7\u00e3o integra ainda as a\u00e7\u00f5es desenvolvidas neste ano em torno do Dia Municipal da Educa\u00e7\u00e3o Especial, institu\u00eddo pela Lei Municipal n\u00ba 4.784\/2026.&nbsp;&nbsp;&nbsp;<\/p>\n","protected":false},"excerpt":{"rendered":"<p>Profissionais da rede municipal de ensino de Cabo Frio participaram, nesta ter\u00e7a-feira (25), de uma capacita\u00e7\u00e3o voltada ao reconhecimento e ao manejo de situa\u00e7\u00f5es de crise no ambiente escolar. Realizada na Escola Municipal Professor Renato Azevedo, unidade especializada da rede, a forma\u00e7\u00e3o abordou formas de identificar sinais de sofrimento ps\u00edquico, agita\u00e7\u00e3o ou desorganiza\u00e7\u00e3o comportamental, al\u00e9m [&hellip;]<\/p>\n","protected":false},"author":2,"featured_media":35571,"comment_status":"open","ping_status":"open","sticky":false,"template":"","format":"standard","meta":{"footnotes":""},"categories":[340,2982],"tags":[411,3578,4938,439,4937,4140,4142,2657,4939,4734],"class_list":["post-35570","post","type-post","status-publish","format-standard","has-post-thumbnail","hentry","category-cabo-frio","category-destaque-noticia-4","tag-cabo-frio","tag-capacitacao","tag-crise-escolar","tag-educacao","tag-escolas","tag-estudantes","tag-formacao-profissional","tag-inclusao","tag-protecao","tag-saude-mental"],"_links":{"self":[{"href":"https:\/\/blogdodanielgalvao.com.br\/site\/wp-json\/wp\/v2\/posts\/35570","targetHints":{"allow":["GET"]}}],"collection":[{"href":"https:\/\/blogdodanielgalvao.com.br\/site\/wp-json\/wp\/v2\/posts"}],"about":[{"href":"https:\/\/blogdodanielgalvao.com.br\/site\/wp-json\/wp\/v2\/types\/post"}],"author":[{"embeddable":true,"href":"https:\/\/blogdodanielgalvao.com.br\/site\/wp-json\/wp\/v2\/users\/2"}],"replies":[{"embeddable":true,"href":"https:\/\/blogdodanielgalvao.com.br\/site\/wp-json\/wp\/v2\/comments?post=35570"}],"version-history":[{"count":1,"href":"https:\/\/blogdodanielgalvao.com.br\/site\/wp-json\/wp\/v2\/posts\/35570\/revisions"}],"predecessor-version":[{"id":35572,"href":"https:\/\/blogdodanielgalvao.com.br\/site\/wp-json\/wp\/v2\/posts\/35570\/revisions\/35572"}],"wp:featuredmedia":[{"embeddable":true,"href":"https:\/\/blogdodanielgalvao.com.br\/site\/wp-json\/wp\/v2\/media\/35571"}],"wp:attachment":[{"href":"https:\/\/blogdodanielgalvao.com.br\/site\/wp-json\/wp\/v2\/media?parent=35570"}],"wp:term":[{"taxonomy":"category","embeddable":true,"href":"https:\/\/blogdodanielgalvao.com.br\/site\/wp-json\/wp\/v2\/categories?post=35570"},{"taxonomy":"post_tag","embeddable":true,"href":"https:\/\/blogdodanielgalvao.com.br\/site\/wp-json\/wp\/v2\/tags?post=35570"}],"curies":[{"name":"wp","href":"https:\/\/api.w.org\/{rel}","templated":true}]}}