{"id":34746,"date":"2026-07-17T16:19:17","date_gmt":"2026-07-17T19:19:17","guid":{"rendered":"https:\/\/blogdodanielgalvao.com.br\/site\/?p=34746"},"modified":"2026-07-17T16:19:31","modified_gmt":"2026-07-17T19:19:31","slug":"l7nnon-encerra-primeiro-dia-da-flig-2026-com-show-em-iguaba-grande","status":"publish","type":"post","link":"https:\/\/blogdodanielgalvao.com.br\/site\/l7nnon-encerra-primeiro-dia-da-flig-2026-com-show-em-iguaba-grande\/","title":{"rendered":"L7nnon encerra primeiro dia da FLIG 2026 com show em Iguaba Grande"},"content":{"rendered":"\n<p class=\"wp-block-paragraph\">A Pra\u00e7a da Esta\u00e7\u00e3o, em Iguaba Grande, virou ponto de encontro entre leitores, escritores e artistas com o in\u00edcio da Feira Liter\u00e1ria de Iguaba Grande (FLIG) 2026, nesta quinta-feira (16). O evento, que segue at\u00e9 s\u00e1bado (18), re\u00fane uma programa\u00e7\u00e3o gratuita com atividades voltadas \u00e0 literatura, educa\u00e7\u00e3o e cultura, tendo como tema \u201cQuando elas escrevem, o mundo l\u00ea: um s\u00e9culo de encantos liter\u00e1rios\u201d.<\/p>\n\n\n\n<p class=\"wp-block-paragraph\">A abertura da feira contou com a apresenta\u00e7\u00e3o da Banda Master no Palco Era uma Vez&#8230;, marcando o in\u00edcio de uma agenda que re\u00fane diferentes linguagens art\u00edsticas. Entre os espa\u00e7os montados para o p\u00fablico est\u00e3o uma livraria com mais de 100 mil exemplares, \u00e1reas destinadas a autores da Regi\u00e3o dos Lagos e ambientes que destacam trabalhos produzidos por estudantes da rede municipal.<\/p>\n\n\n\n<p class=\"wp-block-paragraph\">Al\u00e9m da circula\u00e7\u00e3o pelos estandes, os visitantes acompanharam apresenta\u00e7\u00f5es culturais, debates e encontros com foco na forma\u00e7\u00e3o de leitores. A programa\u00e7\u00e3o do primeiro dia teve participa\u00e7\u00e3o da Batalha dos Mares, do grupo Passinho Carioca e do projeto Pretinhas Leitoras, que promoveu uma conversa sobre representatividade e acesso \u00e0 leitura.<\/p>\n\n\n\n<p class=\"wp-block-paragraph\">O encerramento da noite ficou por conta de uma programa\u00e7\u00e3o que uniu literatura e m\u00fasica, com o talk show de Maur\u00edcio Pacheco ao lado do grupo Os Garotin, seguido pelo show do rapper L7nnon no Palco Vozes que Ecoam. A FLIG continua at\u00e9 s\u00e1bado com novas atra\u00e7\u00f5es e atividades para todas as idades.&nbsp;&nbsp;&nbsp;<\/p>\n","protected":false},"excerpt":{"rendered":"<p>A Pra\u00e7a da Esta\u00e7\u00e3o, em Iguaba Grande, virou ponto de encontro entre leitores, escritores e artistas com o in\u00edcio da Feira Liter\u00e1ria de Iguaba Grande (FLIG) 2026, nesta quinta-feira (16). O evento, que segue at\u00e9 s\u00e1bado (18), re\u00fane uma programa\u00e7\u00e3o gratuita com atividades voltadas \u00e0 literatura, educa\u00e7\u00e3o e cultura, tendo como tema \u201cQuando elas escrevem, [&hellip;]<\/p>\n","protected":false},"author":2,"featured_media":34747,"comment_status":"open","ping_status":"open","sticky":false,"template":"","format":"standard","meta":{"footnotes":""},"categories":[2331,2981],"tags":[3549,212,439,4288,1822,4285,2253,4286,4289,3542,3831,3366,4287],"class_list":["post-34746","post","type-post","status-publish","format-standard","has-post-thumbnail","hentry","category-cultura","category-destaque-noticia-3","tag-arte","tag-cultura","tag-educacao","tag-escritores","tag-feira-literaria","tag-flig-2026","tag-iguaba-grande","tag-l7nnon","tag-leitores","tag-literatura","tag-musica","tag-regiao-dos-lagos","tag-representatividade"],"_links":{"self":[{"href":"https:\/\/blogdodanielgalvao.com.br\/site\/wp-json\/wp\/v2\/posts\/34746","targetHints":{"allow":["GET"]}}],"collection":[{"href":"https:\/\/blogdodanielgalvao.com.br\/site\/wp-json\/wp\/v2\/posts"}],"about":[{"href":"https:\/\/blogdodanielgalvao.com.br\/site\/wp-json\/wp\/v2\/types\/post"}],"author":[{"embeddable":true,"href":"https:\/\/blogdodanielgalvao.com.br\/site\/wp-json\/wp\/v2\/users\/2"}],"replies":[{"embeddable":true,"href":"https:\/\/blogdodanielgalvao.com.br\/site\/wp-json\/wp\/v2\/comments?post=34746"}],"version-history":[{"count":1,"href":"https:\/\/blogdodanielgalvao.com.br\/site\/wp-json\/wp\/v2\/posts\/34746\/revisions"}],"predecessor-version":[{"id":34748,"href":"https:\/\/blogdodanielgalvao.com.br\/site\/wp-json\/wp\/v2\/posts\/34746\/revisions\/34748"}],"wp:featuredmedia":[{"embeddable":true,"href":"https:\/\/blogdodanielgalvao.com.br\/site\/wp-json\/wp\/v2\/media\/34747"}],"wp:attachment":[{"href":"https:\/\/blogdodanielgalvao.com.br\/site\/wp-json\/wp\/v2\/media?parent=34746"}],"wp:term":[{"taxonomy":"category","embeddable":true,"href":"https:\/\/blogdodanielgalvao.com.br\/site\/wp-json\/wp\/v2\/categories?post=34746"},{"taxonomy":"post_tag","embeddable":true,"href":"https:\/\/blogdodanielgalvao.com.br\/site\/wp-json\/wp\/v2\/tags?post=34746"}],"curies":[{"name":"wp","href":"https:\/\/api.w.org\/{rel}","templated":true}]}}