{"id":34711,"date":"2026-07-16T15:45:24","date_gmt":"2026-07-16T18:45:24","guid":{"rendered":"https:\/\/blogdodanielgalvao.com.br\/site\/?p=34711"},"modified":"2026-07-16T15:45:36","modified_gmt":"2026-07-16T18:45:36","slug":"equipe-de-filmagem-movimenta-duna-mae-e-intriga-moradores-em-cabo-frio","status":"publish","type":"post","link":"https:\/\/blogdodanielgalvao.com.br\/site\/equipe-de-filmagem-movimenta-duna-mae-e-intriga-moradores-em-cabo-frio\/","title":{"rendered":"Equipe de filmagem movimenta Duna M\u00e3e e intriga moradores em Cabo Frio"},"content":{"rendered":"\n<p class=\"wp-block-paragraph\">A movimenta\u00e7\u00e3o de uma equipe de filmagem na Duna M\u00e3e, em Cabo Frio, chamou a aten\u00e7\u00e3o de moradores e turistas nos \u00faltimos dias. Os profissionais e equipamentos no cart\u00e3o-postal despertou a curiosidade de quem passou pelo local, levantando questionamentos sobre o objetivo das grava\u00e7\u00f5es.<\/p>\n\n\n\n<p class=\"wp-block-paragraph\">Segundo informa\u00e7\u00f5es obtidas pela reportagem, a \u00e1rea est\u00e1 sendo utilizada para a produ\u00e7\u00e3o de um comercial da Amazon, desenvolvido pela produtora Ocean Films. A equipe permanece instalada na Duna M\u00e3e h\u00e1 v\u00e1rios dias, mas, at\u00e9 o momento, n\u00e3o foram divulgadas informa\u00e7\u00f5es sobre o conte\u00fado da campanha nem sobre a data prevista para o encerramento das filmagens.<\/p>\n\n\n\n<p class=\"wp-block-paragraph\">Em nota, a Prefeitura de Cabo Frio informou que a autoriza\u00e7\u00e3o para a realiza\u00e7\u00e3o das grava\u00e7\u00f5es \u00e9 de compet\u00eancia do Instituto Estadual do Ambiente (Inea), \u00f3rg\u00e3o respons\u00e1vel pela gest\u00e3o da \u00e1rea. O munic\u00edpio destacou ainda que acompanha as atividades desenvolvidas no local durante o per\u00edodo de produ\u00e7\u00e3o.\u00a0\u00a0\u00a0   <\/p>\n\n\n\n<p class=\"wp-block-paragraph\">      <\/p>\n\n\n\n<p class=\"wp-block-paragraph\">Foto: Reprodu\u00e7\u00e3o v\u00eddeo Instagram\/ \u00c2ngelo Caravelos     <\/p>\n","protected":false},"excerpt":{"rendered":"<p>A movimenta\u00e7\u00e3o de uma equipe de filmagem na Duna M\u00e3e, em Cabo Frio, chamou a aten\u00e7\u00e3o de moradores e turistas nos \u00faltimos dias. Os profissionais e equipamentos no cart\u00e3o-postal despertou a curiosidade de quem passou pelo local, levantando questionamentos sobre o objetivo das grava\u00e7\u00f5es. Segundo informa\u00e7\u00f5es obtidas pela reportagem, a \u00e1rea est\u00e1 sendo utilizada para [&hellip;]<\/p>\n","protected":false},"author":2,"featured_media":34712,"comment_status":"open","ping_status":"open","sticky":false,"template":"","format":"standard","meta":{"footnotes":""},"categories":[340,2983],"tags":[4252,411,4255,4253,4254,1269,4256,2160,478],"class_list":["post-34711","post","type-post","status-publish","format-standard","has-post-thumbnail","hentry","category-cabo-frio","category-destaque-noticia-5","tag-amazon","tag-cabo-frio","tag-comercial","tag-duna-mae","tag-filmagens","tag-inea","tag-ocean-films","tag-prefeitura-de-cabo-frio","tag-turismo"],"_links":{"self":[{"href":"https:\/\/blogdodanielgalvao.com.br\/site\/wp-json\/wp\/v2\/posts\/34711","targetHints":{"allow":["GET"]}}],"collection":[{"href":"https:\/\/blogdodanielgalvao.com.br\/site\/wp-json\/wp\/v2\/posts"}],"about":[{"href":"https:\/\/blogdodanielgalvao.com.br\/site\/wp-json\/wp\/v2\/types\/post"}],"author":[{"embeddable":true,"href":"https:\/\/blogdodanielgalvao.com.br\/site\/wp-json\/wp\/v2\/users\/2"}],"replies":[{"embeddable":true,"href":"https:\/\/blogdodanielgalvao.com.br\/site\/wp-json\/wp\/v2\/comments?post=34711"}],"version-history":[{"count":2,"href":"https:\/\/blogdodanielgalvao.com.br\/site\/wp-json\/wp\/v2\/posts\/34711\/revisions"}],"predecessor-version":[{"id":34714,"href":"https:\/\/blogdodanielgalvao.com.br\/site\/wp-json\/wp\/v2\/posts\/34711\/revisions\/34714"}],"wp:featuredmedia":[{"embeddable":true,"href":"https:\/\/blogdodanielgalvao.com.br\/site\/wp-json\/wp\/v2\/media\/34712"}],"wp:attachment":[{"href":"https:\/\/blogdodanielgalvao.com.br\/site\/wp-json\/wp\/v2\/media?parent=34711"}],"wp:term":[{"taxonomy":"category","embeddable":true,"href":"https:\/\/blogdodanielgalvao.com.br\/site\/wp-json\/wp\/v2\/categories?post=34711"},{"taxonomy":"post_tag","embeddable":true,"href":"https:\/\/blogdodanielgalvao.com.br\/site\/wp-json\/wp\/v2\/tags?post=34711"}],"curies":[{"name":"wp","href":"https:\/\/api.w.org\/{rel}","templated":true}]}}