{"id":34707,"date":"2026-07-16T15:35:25","date_gmt":"2026-07-16T18:35:25","guid":{"rendered":"https:\/\/blogdodanielgalvao.com.br\/site\/?p=34707"},"modified":"2026-07-16T15:36:26","modified_gmt":"2026-07-16T18:36:26","slug":"cabo-frio-abre-quase-4-mil-empresas-e-assume-lideranca-regional","status":"publish","type":"post","link":"https:\/\/blogdodanielgalvao.com.br\/site\/cabo-frio-abre-quase-4-mil-empresas-e-assume-lideranca-regional\/","title":{"rendered":"Cabo Frio abre quase 4 mil empresas e assume lideran\u00e7a regional"},"content":{"rendered":"\n<p class=\"wp-block-paragraph\">Cabo Frio encerrou o primeiro semestre de 2026 na lideran\u00e7a da Regi\u00e3o dos Lagos em abertura de empresas, segundo dados do Mapa de Empresas, do Minist\u00e9rio do Empreendedorismo, da Microempresa e da Empresa de Pequeno Porte (MEMP). Entre janeiro e junho, o munic\u00edpio contabilizou saldo positivo de 1.545 empresas, resultado obtido a partir da abertura de 3.865 novos neg\u00f3cios e do fechamento de 2.320. O desempenho representa aproximadamente 27% de todo o saldo l\u00edquido registrado pelos dez munic\u00edpios da regi\u00e3o, consolidando a cidade como a principal porta de entrada para novos empreendimentos. Atualmente, Cabo Frio re\u00fane 32.848 empresas ativas.<\/p>\n\n\n\n<p class=\"wp-block-paragraph\">O levantamento mostra que Cabo Frio superou munic\u00edpios como Rio das Ostras, que registrou saldo de 1.091 empresas, Araruama (738), S\u00e3o Pedro da Aldeia (623) e Saquarema (616). A expans\u00e3o foi impulsionada principalmente pelos microempreendedores individuais (MEIs), respons\u00e1veis por quase 88% das empresas abertas no semestre. Hoje, os MEIs representam 63,1% de todos os neg\u00f3cios ativos no munic\u00edpio, evidenciando o peso do empreendedorismo de pequeno porte na economia local.<\/p>\n\n\n\n<p class=\"wp-block-paragraph\">Entre os segmentos com maior concentra\u00e7\u00e3o de empresas est\u00e3o o com\u00e9rcio varejista de vestu\u00e1rio e acess\u00f3rios, com 1.441 estabelecimentos, seguido pelos servi\u00e7os de cabeleireiros, manicures e pedicures (1.314), obras de alvenaria (1.039), promo\u00e7\u00e3o de vendas (1.035), lanchonetes e similares (1.074), restaurantes (960), fornecimento de refei\u00e7\u00f5es para consumo domiciliar (809), transporte municipal de cargas (723), com\u00e9rcio varejista de bebidas (657) e servi\u00e7os de malote (618).<\/p>\n\n\n\n<p class=\"wp-block-paragraph\">Os indicadores tamb\u00e9m apontam evolu\u00e7\u00e3o em rela\u00e7\u00e3o aos anos anteriores. O saldo de empresas abertas no primeiro semestre cresceu 4,1% na compara\u00e7\u00e3o com o mesmo per\u00edodo de 2025, alcan\u00e7ando o melhor resultado desde 2023. Entre os microempreendedores individuais, o avan\u00e7o foi de 4,7% em rela\u00e7\u00e3o ao ano passado, configurando o melhor desempenho para o per\u00edodo desde 2021.<\/p>\n\n\n\n<p class=\"wp-block-paragraph\">Para o secret\u00e1rio municipal de Desenvolvimento Econ\u00f4mico, Marcelo Dusi, o resultado reflete o fortalecimento das pol\u00edticas de incentivo ao empreendedorismo e a atua\u00e7\u00e3o de iniciativas voltadas \u00e0 desburocratiza\u00e7\u00e3o e ao suporte aos empres\u00e1rios. Segundo ele, parcerias como as mantidas com a Casa do Empreendedor e o Sebrae t\u00eam contribu\u00eddo para facilitar a abertura e a consolida\u00e7\u00e3o de novos neg\u00f3cios, fortalecendo a gera\u00e7\u00e3o de emprego e renda e ampliando a voca\u00e7\u00e3o econ\u00f4mica de Cabo Frio nos setores de com\u00e9rcio, servi\u00e7os e turismo.&nbsp;&nbsp;&nbsp;&nbsp;<\/p>\n","protected":false},"excerpt":{"rendered":"<p>Cabo Frio encerrou o primeiro semestre de 2026 na lideran\u00e7a da Regi\u00e3o dos Lagos em abertura de empresas, segundo dados do Mapa de Empresas, do Minist\u00e9rio do Empreendedorismo, da Microempresa e da Empresa de Pequeno Porte (MEMP). Entre janeiro e junho, o munic\u00edpio contabilizou saldo positivo de 1.545 empresas, resultado obtido a partir da abertura [&hellip;]<\/p>\n","protected":false},"author":2,"featured_media":34708,"comment_status":"open","ping_status":"open","sticky":false,"template":"","format":"standard","meta":{"footnotes":""},"categories":[340,2983],"tags":[4251,411,398,1791,3718,4249,4250,4248,3366,3787,478],"class_list":["post-34707","post","type-post","status-publish","format-standard","has-post-thumbnail","hentry","category-cabo-frio","category-destaque-noticia-5","tag-abertura-de-empresas","tag-cabo-frio","tag-comercio","tag-desenvolvimento-economico","tag-economia-local","tag-empreendedorismo","tag-mei","tag-novos-negocios","tag-regiao-dos-lagos","tag-servicos","tag-turismo"],"_links":{"self":[{"href":"https:\/\/blogdodanielgalvao.com.br\/site\/wp-json\/wp\/v2\/posts\/34707","targetHints":{"allow":["GET"]}}],"collection":[{"href":"https:\/\/blogdodanielgalvao.com.br\/site\/wp-json\/wp\/v2\/posts"}],"about":[{"href":"https:\/\/blogdodanielgalvao.com.br\/site\/wp-json\/wp\/v2\/types\/post"}],"author":[{"embeddable":true,"href":"https:\/\/blogdodanielgalvao.com.br\/site\/wp-json\/wp\/v2\/users\/2"}],"replies":[{"embeddable":true,"href":"https:\/\/blogdodanielgalvao.com.br\/site\/wp-json\/wp\/v2\/comments?post=34707"}],"version-history":[{"count":1,"href":"https:\/\/blogdodanielgalvao.com.br\/site\/wp-json\/wp\/v2\/posts\/34707\/revisions"}],"predecessor-version":[{"id":34709,"href":"https:\/\/blogdodanielgalvao.com.br\/site\/wp-json\/wp\/v2\/posts\/34707\/revisions\/34709"}],"wp:featuredmedia":[{"embeddable":true,"href":"https:\/\/blogdodanielgalvao.com.br\/site\/wp-json\/wp\/v2\/media\/34708"}],"wp:attachment":[{"href":"https:\/\/blogdodanielgalvao.com.br\/site\/wp-json\/wp\/v2\/media?parent=34707"}],"wp:term":[{"taxonomy":"category","embeddable":true,"href":"https:\/\/blogdodanielgalvao.com.br\/site\/wp-json\/wp\/v2\/categories?post=34707"},{"taxonomy":"post_tag","embeddable":true,"href":"https:\/\/blogdodanielgalvao.com.br\/site\/wp-json\/wp\/v2\/tags?post=34707"}],"curies":[{"name":"wp","href":"https:\/\/api.w.org\/{rel}","templated":true}]}}