{"id":3446,"date":"2018-12-14T09:29:36","date_gmt":"2018-12-14T11:29:36","guid":{"rendered":"http:\/\/blogdodanielgalvao.com.br\/site\/?p=3446"},"modified":"2018-12-14T09:36:04","modified_gmt":"2018-12-14T11:36:04","slug":"macae-salario-de-r-12-mil-de-vice-prefeito-some-de-relacao-de-servidores-no-portal-da-transparencia","status":"publish","type":"post","link":"https:\/\/blogdodanielgalvao.com.br\/site\/macae-salario-de-r-12-mil-de-vice-prefeito-some-de-relacao-de-servidores-no-portal-da-transparencia\/","title":{"rendered":"Maca\u00e9: sal\u00e1rio de R$ 12 mil de vice-prefeito \u2018some\u2019 de rela\u00e7\u00e3o de servidores no Portal da Transpar\u00eancia"},"content":{"rendered":"<p>O vice-prefeito de Maca\u00e9, Vandr\u00e9 Guimar\u00e3es (MDB), ao que parece, teve realmente o pagamento dos sal\u00e1rios, de fato, bloqueado pelo Governo Municipal &#8211; conforme antecipou o Blog h\u00e1 alguns meses (leia <a href=\"https:\/\/blogdodanielgalvao.com.br\/site\/?p=2929\">aqui<\/a>).<\/p>\n<p>No Portal da Transpar\u00eancia, uma pesquisa pelo nome dele sobre o m\u00eas de outubro, por exemplo, mostra zerado o campo \u2018sal\u00e1rio-base\u2019. Desde ent\u00e3o, al\u00e9m dos R$ 12 mil de remunera\u00e7\u00e3o, a Procuradoria alerta sobre a possibilidade at\u00e9 mesmo de afastamento de Vandr\u00e9 do cargo.<\/p>\n<p><a href=\"https:\/\/blogdodanielgalvao.com.br\/site\/wp-content\/uploads\/2018\/12\/C64899C6-8CE9-47C2-B412-F1B268DE9E7A.jpeg\"><img loading=\"lazy\" decoding=\"async\" class=\"alignright wp-image-3450\" src=\"https:\/\/blogdodanielgalvao.com.br\/site\/wp-content\/uploads\/2018\/12\/C64899C6-8CE9-47C2-B412-F1B268DE9E7A-300x169.jpeg\" alt=\"\" width=\"250\" height=\"141\" srcset=\"https:\/\/blogdodanielgalvao.com.br\/site\/wp-content\/uploads\/2018\/12\/C64899C6-8CE9-47C2-B412-F1B268DE9E7A-300x169.jpeg 300w, https:\/\/blogdodanielgalvao.com.br\/site\/wp-content\/uploads\/2018\/12\/C64899C6-8CE9-47C2-B412-F1B268DE9E7A-768x432.jpeg 768w, https:\/\/blogdodanielgalvao.com.br\/site\/wp-content\/uploads\/2018\/12\/C64899C6-8CE9-47C2-B412-F1B268DE9E7A-1024x576.jpeg 1024w, https:\/\/blogdodanielgalvao.com.br\/site\/wp-content\/uploads\/2018\/12\/C64899C6-8CE9-47C2-B412-F1B268DE9E7A-50x28.jpeg 50w, https:\/\/blogdodanielgalvao.com.br\/site\/wp-content\/uploads\/2018\/12\/C64899C6-8CE9-47C2-B412-F1B268DE9E7A-820x461.jpeg 820w, https:\/\/blogdodanielgalvao.com.br\/site\/wp-content\/uploads\/2018\/12\/C64899C6-8CE9-47C2-B412-F1B268DE9E7A.jpeg 800w\" sizes=\"auto, (max-width: 250px) 100vw, 250px\" \/><\/a>Isso porque, o Governo alega que o vice-prefeito, apesar de eleito, sofreria as puni\u00e7\u00f5es por n\u00e3o cumprir expediente como outro servidor qualquer. Na \u00e9poca da primeira postagem, a informa\u00e7\u00e3o \u00e9 de que Vandr\u00e9 n\u00e3o aparecia h\u00e1 3 meses na Prefeitura.<\/p>\n<p>Segundo fontes do Blog, j\u00e1 tem vereador da oposi\u00e7\u00e3o de olho no caso querendo levar ao MP por entender ser inconstitucional a decis\u00e3o do Governo em suspender o pagamento do sal\u00e1rio do vice-prefeito e, sobretudo, pela amea\u00e7a de afastamento dele do cargo. A conferir!<\/p>\n","protected":false},"excerpt":{"rendered":"<p>O vice-prefeito de Maca\u00e9, Vandr\u00e9 Guimar\u00e3es (MDB), ao que parece, teve realmente o pagamento dos sal\u00e1rios, de fato, bloqueado pelo Governo Municipal &#8211; conforme antecipou o Blog h\u00e1 alguns meses (leia aqui). No Portal da Transpar\u00eancia, uma pesquisa pelo nome dele sobre o m\u00eas de outubro, por exemplo, mostra zerado o campo \u2018sal\u00e1rio-base\u2019. Desde ent\u00e3o, [&hellip;]<\/p>\n","protected":false},"author":2,"featured_media":3447,"comment_status":"open","ping_status":"open","sticky":false,"template":"","format":"standard","meta":{"footnotes":""},"categories":[1],"tags":[31,291,1009,554],"class_list":["post-3446","post","type-post","status-publish","format-standard","has-post-thumbnail","hentry","category-sem-categoria","tag-dr-aluizio","tag-maxwell-vaz","tag-salarios","tag-vandre-guimaraes"],"_links":{"self":[{"href":"https:\/\/blogdodanielgalvao.com.br\/site\/wp-json\/wp\/v2\/posts\/3446","targetHints":{"allow":["GET"]}}],"collection":[{"href":"https:\/\/blogdodanielgalvao.com.br\/site\/wp-json\/wp\/v2\/posts"}],"about":[{"href":"https:\/\/blogdodanielgalvao.com.br\/site\/wp-json\/wp\/v2\/types\/post"}],"author":[{"embeddable":true,"href":"https:\/\/blogdodanielgalvao.com.br\/site\/wp-json\/wp\/v2\/users\/2"}],"replies":[{"embeddable":true,"href":"https:\/\/blogdodanielgalvao.com.br\/site\/wp-json\/wp\/v2\/comments?post=3446"}],"version-history":[{"count":4,"href":"https:\/\/blogdodanielgalvao.com.br\/site\/wp-json\/wp\/v2\/posts\/3446\/revisions"}],"predecessor-version":[{"id":3452,"href":"https:\/\/blogdodanielgalvao.com.br\/site\/wp-json\/wp\/v2\/posts\/3446\/revisions\/3452"}],"wp:featuredmedia":[{"embeddable":true,"href":"https:\/\/blogdodanielgalvao.com.br\/site\/wp-json\/wp\/v2\/media\/3447"}],"wp:attachment":[{"href":"https:\/\/blogdodanielgalvao.com.br\/site\/wp-json\/wp\/v2\/media?parent=3446"}],"wp:term":[{"taxonomy":"category","embeddable":true,"href":"https:\/\/blogdodanielgalvao.com.br\/site\/wp-json\/wp\/v2\/categories?post=3446"},{"taxonomy":"post_tag","embeddable":true,"href":"https:\/\/blogdodanielgalvao.com.br\/site\/wp-json\/wp\/v2\/tags?post=3446"}],"curies":[{"name":"wp","href":"https:\/\/api.w.org\/{rel}","templated":true}]}}