{"id":3346,"date":"2018-12-04T07:54:21","date_gmt":"2018-12-04T09:54:21","guid":{"rendered":"http:\/\/blogdodanielgalvao.com.br\/site\/?p=3346"},"modified":"2018-12-04T07:54:21","modified_gmt":"2018-12-04T09:54:21","slug":"macae-presidente-da-federacao-de-conventions-bureaux-defende-welberth-na-presidencia-da-comissao-de-turismo-da-alerj","status":"publish","type":"post","link":"https:\/\/blogdodanielgalvao.com.br\/site\/macae-presidente-da-federacao-de-conventions-bureaux-defende-welberth-na-presidencia-da-comissao-de-turismo-da-alerj\/","title":{"rendered":"Maca\u00e9: presidente da Federa\u00e7\u00e3o de Conventions Bureaux defende Welberth na presid\u00eancia da Comiss\u00e3o de Turismo da Alerj"},"content":{"rendered":"<p>Na abertura do Congresso Estadual Empresarial de Turismo, realizado em Maca\u00e9 no \u00faltimo fim de semana, o vereador e deputado estadual eleito, Welberth (PPS), esteve presente e disse que seu mandato estar\u00e1 \u00e0 disposi\u00e7\u00e3o de entidades e empresas do setor.<\/p>\n<p>O presidente da Federa\u00e7\u00e3o de Conventions Bureaux do Estado do RJ, Marco Navega, aproveitou para, publicamente, defender que Welberth assuma a presid\u00eancia da Comiss\u00e3o de Turismo na Alerj. Segundo ele, o futuro deputado poder\u00e1 ser um elo importante entre as a\u00e7\u00f5es do setor e o interior. A conferir!<\/p>\n","protected":false},"excerpt":{"rendered":"<p>Na abertura do Congresso Estadual Empresarial de Turismo, realizado em Maca\u00e9 no \u00faltimo fim de semana, o vereador e deputado estadual eleito, Welberth (PPS), esteve presente e disse que seu mandato estar\u00e1 \u00e0 disposi\u00e7\u00e3o de entidades e empresas do setor. O presidente da Federa\u00e7\u00e3o de Conventions Bureaux do Estado do RJ, Marco Navega, aproveitou para, [&hellip;]<\/p>\n","protected":false},"author":2,"featured_media":3347,"comment_status":"open","ping_status":"open","sticky":false,"template":"","format":"standard","meta":{"footnotes":""},"categories":[60,9,14,2,304],"tags":[986,646,478,71],"class_list":["post-3346","post","type-post","status-publish","format-standard","has-post-thumbnail","hentry","category-brasil","category-estado","category-geral","category-macae","category-rio-de-janeiro","tag-congeesso-estadual-de-turismo","tag-marco-navega","tag-turismo","tag-welberth"],"_links":{"self":[{"href":"https:\/\/blogdodanielgalvao.com.br\/site\/wp-json\/wp\/v2\/posts\/3346","targetHints":{"allow":["GET"]}}],"collection":[{"href":"https:\/\/blogdodanielgalvao.com.br\/site\/wp-json\/wp\/v2\/posts"}],"about":[{"href":"https:\/\/blogdodanielgalvao.com.br\/site\/wp-json\/wp\/v2\/types\/post"}],"author":[{"embeddable":true,"href":"https:\/\/blogdodanielgalvao.com.br\/site\/wp-json\/wp\/v2\/users\/2"}],"replies":[{"embeddable":true,"href":"https:\/\/blogdodanielgalvao.com.br\/site\/wp-json\/wp\/v2\/comments?post=3346"}],"version-history":[{"count":1,"href":"https:\/\/blogdodanielgalvao.com.br\/site\/wp-json\/wp\/v2\/posts\/3346\/revisions"}],"predecessor-version":[{"id":3348,"href":"https:\/\/blogdodanielgalvao.com.br\/site\/wp-json\/wp\/v2\/posts\/3346\/revisions\/3348"}],"wp:featuredmedia":[{"embeddable":true,"href":"https:\/\/blogdodanielgalvao.com.br\/site\/wp-json\/wp\/v2\/media\/3347"}],"wp:attachment":[{"href":"https:\/\/blogdodanielgalvao.com.br\/site\/wp-json\/wp\/v2\/media?parent=3346"}],"wp:term":[{"taxonomy":"category","embeddable":true,"href":"https:\/\/blogdodanielgalvao.com.br\/site\/wp-json\/wp\/v2\/categories?post=3346"},{"taxonomy":"post_tag","embeddable":true,"href":"https:\/\/blogdodanielgalvao.com.br\/site\/wp-json\/wp\/v2\/tags?post=3346"}],"curies":[{"name":"wp","href":"https:\/\/api.w.org\/{rel}","templated":true}]}}