{"id":32878,"date":"2026-05-01T09:26:56","date_gmt":"2026-05-01T12:26:56","guid":{"rendered":"https:\/\/blogdodanielgalvao.com.br\/site\/?p=32878"},"modified":"2026-05-01T09:27:02","modified_gmt":"2026-05-01T12:27:02","slug":"arraial-do-cabo-detalha-plano-para-reestruturacao-da-orla-da-prainha","status":"publish","type":"post","link":"https:\/\/blogdodanielgalvao.com.br\/site\/arraial-do-cabo-detalha-plano-para-reestruturacao-da-orla-da-prainha\/","title":{"rendered":"Arraial do Cabo detalha plano para reestrutura\u00e7\u00e3o da orla da Prainha"},"content":{"rendered":"\n<p>A Prefeitura de Arraial do Cabo apresentou, nesta quarta-feira (29), o projeto de revitaliza\u00e7\u00e3o da orla da Prainha durante uma audi\u00eancia p\u00fablica solicitada pela Justi\u00e7a Federal e pelo Minist\u00e9rio P\u00fablico Federal. O encontro reuniu autoridades, representantes de institui\u00e7\u00f5es e membros da comunidade para discutir os detalhes da proposta.<\/p>\n\n\n\n<p>A audi\u00eancia foi conduzida pela ju\u00edza Monica Lucia do Nascimento Alcantara Botelho, titular da 1\u00aa Vara Federal de S\u00e3o Pedro da Aldeia, e pelo procurador da Rep\u00fablica Leandro Mitidieri.<\/p>\n\n\n\n<p>Durante a apresenta\u00e7\u00e3o, o secret\u00e1rio de Obras e Urbanismo, Pedro Caju, detalhou o projeto da nova orla, que inclui melhorias estruturais e a cria\u00e7\u00e3o de um espa\u00e7o exclusivo voltado aos pescadores. A primeira etapa prev\u00ea a implanta\u00e7\u00e3o dessa \u00e1rea, com infraestrutura para preparo e comercializa\u00e7\u00e3o de pescados, espa\u00e7o destinado \u00e0s redes de pesca, cozinha, \u00e1rea coberta para eventos, c\u00e2mara fria, sala administrativa, banheiros e uma oficina escola.<\/p>\n\n\n\n<p>Tamb\u00e9m participaram da audi\u00eancia o prefeito Marcelo Magno, representantes da Associa\u00e7\u00e3o de Quiosqueiros, Ibama, ICMBio, Pol\u00edcia Federal, al\u00e9m de associa\u00e7\u00f5es de pescadores, moradores, vereadores, secret\u00e1rios municipais, a Col\u00f4nia de Pescadores e a Associa\u00e7\u00e3o de Moradores da Prainha.<\/p>\n\n\n\n<p>A requalifica\u00e7\u00e3o da orla \u00e9 uma reivindica\u00e7\u00e3o antiga da popula\u00e7\u00e3o e de trabalhadores locais, especialmente ap\u00f3s a demoli\u00e7\u00e3o das estruturas anteriores, ocorrida h\u00e1 cerca de dez anos.<\/p>\n\n\n\n<p>O prefeito destacou que o projeto busca conciliar diferentes interesses. \u201cA prefeitura est\u00e1 trabalhando com responsabilidade para garantir uma revitaliza\u00e7\u00e3o que respeite o meio ambiente, valorize os quiosqueiros, assegure acessibilidade para todos, atenda aos moradores e proporcione uma melhor experi\u00eancia para os turistas que frequentam a Prainha\u201d, afirmou.&nbsp;&nbsp;&nbsp;&nbsp;<\/p>\n","protected":false},"excerpt":{"rendered":"<p>A Prefeitura de Arraial do Cabo apresentou, nesta quarta-feira (29), o projeto de revitaliza\u00e7\u00e3o da orla da Prainha durante uma audi\u00eancia p\u00fablica solicitada pela Justi\u00e7a Federal e pelo Minist\u00e9rio P\u00fablico Federal. O encontro reuniu autoridades, representantes de institui\u00e7\u00f5es e membros da comunidade para discutir os detalhes da proposta. A audi\u00eancia foi conduzida pela ju\u00edza Monica [&hellip;]<\/p>\n","protected":false},"author":2,"featured_media":32879,"comment_status":"open","ping_status":"open","sticky":false,"template":"","format":"standard","meta":{"footnotes":""},"categories":[838,2981],"tags":[],"class_list":["post-32878","post","type-post","status-publish","format-standard","has-post-thumbnail","hentry","category-arraial-do-cabo","category-destaque-noticia-3"],"_links":{"self":[{"href":"https:\/\/blogdodanielgalvao.com.br\/site\/wp-json\/wp\/v2\/posts\/32878","targetHints":{"allow":["GET"]}}],"collection":[{"href":"https:\/\/blogdodanielgalvao.com.br\/site\/wp-json\/wp\/v2\/posts"}],"about":[{"href":"https:\/\/blogdodanielgalvao.com.br\/site\/wp-json\/wp\/v2\/types\/post"}],"author":[{"embeddable":true,"href":"https:\/\/blogdodanielgalvao.com.br\/site\/wp-json\/wp\/v2\/users\/2"}],"replies":[{"embeddable":true,"href":"https:\/\/blogdodanielgalvao.com.br\/site\/wp-json\/wp\/v2\/comments?post=32878"}],"version-history":[{"count":1,"href":"https:\/\/blogdodanielgalvao.com.br\/site\/wp-json\/wp\/v2\/posts\/32878\/revisions"}],"predecessor-version":[{"id":32880,"href":"https:\/\/blogdodanielgalvao.com.br\/site\/wp-json\/wp\/v2\/posts\/32878\/revisions\/32880"}],"wp:featuredmedia":[{"embeddable":true,"href":"https:\/\/blogdodanielgalvao.com.br\/site\/wp-json\/wp\/v2\/media\/32879"}],"wp:attachment":[{"href":"https:\/\/blogdodanielgalvao.com.br\/site\/wp-json\/wp\/v2\/media?parent=32878"}],"wp:term":[{"taxonomy":"category","embeddable":true,"href":"https:\/\/blogdodanielgalvao.com.br\/site\/wp-json\/wp\/v2\/categories?post=32878"},{"taxonomy":"post_tag","embeddable":true,"href":"https:\/\/blogdodanielgalvao.com.br\/site\/wp-json\/wp\/v2\/tags?post=32878"}],"curies":[{"name":"wp","href":"https:\/\/api.w.org\/{rel}","templated":true}]}}