{"id":32871,"date":"2026-05-03T08:27:00","date_gmt":"2026-05-03T11:27:00","guid":{"rendered":"https:\/\/blogdodanielgalvao.com.br\/site\/?p=32871"},"modified":"2026-04-30T18:32:25","modified_gmt":"2026-04-30T21:32:25","slug":"rio-das-ostras-amplia-atendimentos-de-saude-com-nova-inauguracao-nessa-segunda-4","status":"publish","type":"post","link":"https:\/\/blogdodanielgalvao.com.br\/site\/rio-das-ostras-amplia-atendimentos-de-saude-com-nova-inauguracao-nessa-segunda-4\/","title":{"rendered":"Rio das Ostras amplia atendimentos de sa\u00fade com nova inaugura\u00e7\u00e3o nessa segunda, 4"},"content":{"rendered":"\n<p>A Prefeitura de Rio das Ostras inaugura, nessa segunda-feira, 4, a partir das 9h, a 1\u00aa Cl\u00ednica Vascular Municipal, que funcionar\u00e1 na Rua Rio Grande do Sul, 129, na Extens\u00e3o do Bosque, pr\u00f3xima ao Centro de Sa\u00fade do bairro.<\/p>\n\n\n\n<p>A solenidade contar\u00e1 com a presen\u00e7a de autoridades e gestores municipais, tanto do Executivo quanto do Legislativo, entre eles, o prefeito Carlos Augusto (PL) e o vice-prefeito e secret\u00e1rio de Sa\u00fade, Dr. F\u00e1bio Sim\u00f5es (MDB).<\/p>\n\n\n\n<p>De acordo com o gestor da pasta da Sa\u00fade, a implanta\u00e7\u00e3o da unidade, que funcionar\u00e1 de maneira terceirizada, mas credenciada para atuar dentro da rede p\u00fablica municipal, representa um marco no atendimento de sa\u00fade do munic\u00edpio.<\/p>\n\n\n\n<p>\u201cEstamos entregando \u00e0 nossa popula\u00e7\u00e3o a 1\u00ba Cl\u00ednica Municipal de Cirurgia Vascular, um marco hist\u00f3rico para a sa\u00fade de Rio das Ostras. O funcionamento da unidade vai facilitar o acesso dos nossos moradores a exames de alta complexidade e a um procedimento tecnol\u00f3gico para tratamento de varizes sem cortes e pouco invasivo\u201d, explicou o Dr. F\u00e1bio Sim\u00f5es.<\/p>\n\n\n\n<p>Na unidade, os moradores ter\u00e3o acesso a consultas de cirurgia vascular e angiologia, exames como ultrassom com doppler para avalia\u00e7\u00e3o arterial e venosa dos membros inferiores, e tamb\u00e9m doppler de art\u00e9rias car\u00f3tidas e vertebrais.<\/p>\n\n\n\n<p>Segundo a prefeitura, a cl\u00ednica oferece ainda a escleroterapia, procedimento ambulatorial para tratar varizes utilizando aplica\u00e7\u00f5es com subst\u00e2ncia em forma de espuma que fazem os vasos se fecharem e desaparecerem.<\/p>\n\n\n\n<p>\u201cO procedimento \u00e9 minimamente invasivo, sem necessidade de cortes e com r\u00e1pida recupera\u00e7\u00e3o, podendo substituir a tradicional cirurgia de varizes em muitos casos. A escleroterapia \u00e9 guiada por ultrassom (ecodoppler), o que confere mais precis\u00e3o ao procedimento\u201d, detalhou o munic\u00edpio.<\/p>\n\n\n\n<p>Depois da inaugura\u00e7\u00e3o, na manh\u00e3 dessa segunda, a Cl\u00ednica Vascular Municipal passar\u00e1 a atender mediante agendamento atrav\u00e9s da regula\u00e7\u00e3o da Coordenadoria de Gest\u00e3o, Avalia\u00e7\u00e3o e Auditoria (COGA), com atendimento de segunda e sexta, das 8h \u00e0s 17h.<\/p>\n","protected":false},"excerpt":{"rendered":"<p>A Prefeitura de Rio das Ostras inaugura, nessa segunda-feira, 4, a partir das 9h, a 1\u00aa Cl\u00ednica Vascular Municipal, que funcionar\u00e1 na Rua Rio Grande do Sul, 129, na Extens\u00e3o do Bosque, pr\u00f3xima ao Centro de Sa\u00fade do bairro. A solenidade contar\u00e1 com a presen\u00e7a de autoridades e gestores municipais, tanto do Executivo quanto do [&hellip;]<\/p>\n","protected":false},"author":2,"featured_media":32872,"comment_status":"open","ping_status":"open","sticky":false,"template":"","format":"standard","meta":{"footnotes":""},"categories":[2113],"tags":[3503],"class_list":["post-32871","post","type-post","status-publish","format-standard","has-post-thumbnail","hentry","category-saude","tag-prefeitura-inaugura-clinica-vascular-municipal"],"_links":{"self":[{"href":"https:\/\/blogdodanielgalvao.com.br\/site\/wp-json\/wp\/v2\/posts\/32871","targetHints":{"allow":["GET"]}}],"collection":[{"href":"https:\/\/blogdodanielgalvao.com.br\/site\/wp-json\/wp\/v2\/posts"}],"about":[{"href":"https:\/\/blogdodanielgalvao.com.br\/site\/wp-json\/wp\/v2\/types\/post"}],"author":[{"embeddable":true,"href":"https:\/\/blogdodanielgalvao.com.br\/site\/wp-json\/wp\/v2\/users\/2"}],"replies":[{"embeddable":true,"href":"https:\/\/blogdodanielgalvao.com.br\/site\/wp-json\/wp\/v2\/comments?post=32871"}],"version-history":[{"count":1,"href":"https:\/\/blogdodanielgalvao.com.br\/site\/wp-json\/wp\/v2\/posts\/32871\/revisions"}],"predecessor-version":[{"id":32873,"href":"https:\/\/blogdodanielgalvao.com.br\/site\/wp-json\/wp\/v2\/posts\/32871\/revisions\/32873"}],"wp:featuredmedia":[{"embeddable":true,"href":"https:\/\/blogdodanielgalvao.com.br\/site\/wp-json\/wp\/v2\/media\/32872"}],"wp:attachment":[{"href":"https:\/\/blogdodanielgalvao.com.br\/site\/wp-json\/wp\/v2\/media?parent=32871"}],"wp:term":[{"taxonomy":"category","embeddable":true,"href":"https:\/\/blogdodanielgalvao.com.br\/site\/wp-json\/wp\/v2\/categories?post=32871"},{"taxonomy":"post_tag","embeddable":true,"href":"https:\/\/blogdodanielgalvao.com.br\/site\/wp-json\/wp\/v2\/tags?post=32871"}],"curies":[{"name":"wp","href":"https:\/\/api.w.org\/{rel}","templated":true}]}}