{"id":32865,"date":"2026-04-30T18:15:00","date_gmt":"2026-04-30T21:15:00","guid":{"rendered":"https:\/\/blogdodanielgalvao.com.br\/site\/?p=32865"},"modified":"2026-04-30T18:12:36","modified_gmt":"2026-04-30T21:12:36","slug":"shows-gratuitos-movimentam-o-centro-de-convencoes-em-macae-no-fim-de-semana","status":"publish","type":"post","link":"https:\/\/blogdodanielgalvao.com.br\/site\/shows-gratuitos-movimentam-o-centro-de-convencoes-em-macae-no-fim-de-semana\/","title":{"rendered":"Shows gratuitos movimentam o Centro de Conven\u00e7\u00f5es em Maca\u00e9 no fim de semana"},"content":{"rendered":"\n<p>A edi\u00e7\u00e3o 2026 do AdoraSom Gospel chega com tudo em Maca\u00e9 presenteando o p\u00fablico com grandes nomes da m\u00fasica gospel. Tanto nesta sexta (1\u00ba) quanto no s\u00e1bado (2), teremos grandes shows no Centro de Conven\u00e7\u00f5es. As atra\u00e7\u00f5es ter\u00e3o in\u00edcio \u00e0s 19h. A entrada \u00e9 gratuita e a expectativa dos organizadores \u00e9 de casa cheia.<\/p>\n\n\n\n<p>A abertura contar\u00e1 com uma apresenta\u00e7\u00e3o de Valesca Mayssa. Conhecida nacionalmente por louvores como \u201cEu Sou Teu Pai\u201d e \u201c\u00c1rvore Cortada\u201d ela promete emocionar o p\u00fablico e conduzir um grande espet\u00e1culo. Entre as atra\u00e7\u00f5es est\u00e3o tamb\u00e9m Carlinhos DJ e as cantoras Kerolaine Santos, Nancy Nascimento e Victoria de Paula.<\/p>\n\n\n\n<p>J\u00e1 no s\u00e1bado (2) teremos as presen\u00e7as de Cleitinho DJ, Samilly Costa e Tamyres Menezes. O destaque fica por conta de Julliany Souza. Considerada um dos grandes nomes da nova gera\u00e7\u00e3o da m\u00fasica crist\u00e3, a cantora dever\u00e1 trazer ao palco sucessos como \u201cQuem \u00e9 Esse\u201d e \u201cCan\u00e7\u00e3o que N\u00e3o Envelhece\u201d.<\/p>\n\n\n\n<p>O AdoraSom Gospel \u00e9 parte integrante do calend\u00e1rio oficial de eventos de Maca\u00e9. O calend\u00e1rio foi cuidadosamente planejado e visa oferecer uma agenda diversificada, contemplando diferentes p\u00fablicos e manifesta\u00e7\u00f5es culturais ao longo do ano.<\/p>\n","protected":false},"excerpt":{"rendered":"<p>A edi\u00e7\u00e3o 2026 do AdoraSom Gospel chega com tudo em Maca\u00e9 presenteando o p\u00fablico com grandes nomes da m\u00fasica gospel. Tanto nesta sexta (1\u00ba) quanto no s\u00e1bado (2), teremos grandes shows no Centro de Conven\u00e7\u00f5es. As atra\u00e7\u00f5es ter\u00e3o in\u00edcio \u00e0s 19h. A entrada \u00e9 gratuita e a expectativa dos organizadores \u00e9 de casa cheia. A [&hellip;]<\/p>\n","protected":false},"author":2,"featured_media":32866,"comment_status":"open","ping_status":"open","sticky":false,"template":"","format":"standard","meta":{"footnotes":""},"categories":[1],"tags":[],"class_list":["post-32865","post","type-post","status-publish","format-standard","has-post-thumbnail","hentry","category-sem-categoria"],"_links":{"self":[{"href":"https:\/\/blogdodanielgalvao.com.br\/site\/wp-json\/wp\/v2\/posts\/32865","targetHints":{"allow":["GET"]}}],"collection":[{"href":"https:\/\/blogdodanielgalvao.com.br\/site\/wp-json\/wp\/v2\/posts"}],"about":[{"href":"https:\/\/blogdodanielgalvao.com.br\/site\/wp-json\/wp\/v2\/types\/post"}],"author":[{"embeddable":true,"href":"https:\/\/blogdodanielgalvao.com.br\/site\/wp-json\/wp\/v2\/users\/2"}],"replies":[{"embeddable":true,"href":"https:\/\/blogdodanielgalvao.com.br\/site\/wp-json\/wp\/v2\/comments?post=32865"}],"version-history":[{"count":1,"href":"https:\/\/blogdodanielgalvao.com.br\/site\/wp-json\/wp\/v2\/posts\/32865\/revisions"}],"predecessor-version":[{"id":32867,"href":"https:\/\/blogdodanielgalvao.com.br\/site\/wp-json\/wp\/v2\/posts\/32865\/revisions\/32867"}],"wp:featuredmedia":[{"embeddable":true,"href":"https:\/\/blogdodanielgalvao.com.br\/site\/wp-json\/wp\/v2\/media\/32866"}],"wp:attachment":[{"href":"https:\/\/blogdodanielgalvao.com.br\/site\/wp-json\/wp\/v2\/media?parent=32865"}],"wp:term":[{"taxonomy":"category","embeddable":true,"href":"https:\/\/blogdodanielgalvao.com.br\/site\/wp-json\/wp\/v2\/categories?post=32865"},{"taxonomy":"post_tag","embeddable":true,"href":"https:\/\/blogdodanielgalvao.com.br\/site\/wp-json\/wp\/v2\/tags?post=32865"}],"curies":[{"name":"wp","href":"https:\/\/api.w.org\/{rel}","templated":true}]}}