{"id":32856,"date":"2026-05-01T07:41:00","date_gmt":"2026-05-01T10:41:00","guid":{"rendered":"https:\/\/blogdodanielgalvao.com.br\/site\/?p=32856"},"modified":"2026-04-30T17:42:38","modified_gmt":"2026-04-30T20:42:38","slug":"rio-das-ostras-divulga-horarios-de-funcionamento-de-parques-e-unidades-culturais-no-feriadao","status":"publish","type":"post","link":"https:\/\/blogdodanielgalvao.com.br\/site\/rio-das-ostras-divulga-horarios-de-funcionamento-de-parques-e-unidades-culturais-no-feriadao\/","title":{"rendered":"Rio das Ostras divulga hor\u00e1rios de funcionamento de parques e unidades culturais no feriad\u00e3o"},"content":{"rendered":"\n<p>A Prefeitura de Rio das Ostras divulgou, nessa quinta-feira, 30 de abril, um esquema especial de funcionamento das reparti\u00e7\u00f5es p\u00fablicas para o fim de semana prolongado do feriado do Dia do Trabalhador, nessa sexta-feira, 1\u00ba de maio.<\/p>\n\n\n\n<p>Para esse feriad\u00e3o, parques e unidades culturais v\u00e3o abrir em hor\u00e1rios diferenciados, enquanto unidades de emerg\u00eancia em sa\u00fade seguem funcionando regularmente, assim como os servi\u00e7os essenciais do munic\u00edpio.<\/p>\n\n\n\n<p>\u201cPara quem deseja aproveitar o dia ao ar livre, os parques municipais s\u00e3o uma excelente alternativa. O Parque dos P\u00e1ssaros e o Parque Municipal manter\u00e3o o funcionamento em hor\u00e1rio normal, recebendo visitantes das 9h \u00e0s 16h, tanto no feriado quanto durante todo o fim de semana\u201d, anunciou o munic\u00edpio.<\/p>\n\n\n\n<p>As unidades culturais tamb\u00e9m funcionam em hor\u00e1rios especiais no feriado dessa sexta e no s\u00e1bado, 2, com o Centro Ferrovi\u00e1rio de Cultura Guilherme Nogueira, em Rocha Le\u00e3o, aberto das 8h \u00e0s 12h, e a Casa de Cultura Bento Costa J\u00fanior e o Museu do S\u00edtio Arqueol\u00f3gico Sambaqui da Tarioba abertos \u00e0 tarde, das 13h \u00e0s 17h nos dois dias.<\/p>\n\n\n\n<p>J\u00e1 os servi\u00e7os administrativos da prefeitura n\u00e3o funcionar\u00e3o nesse feriado, retomando apenas nessa segunda, 4, com atendimento normal em todos os demais \u00f3rg\u00e3os da administra\u00e7\u00e3o direta e indireta do munic\u00edpio.<\/p>\n\n\n\n<p>De acordo com a prefeitura, a assist\u00eancia m\u00e9dica de urg\u00eancia e emerg\u00eancia est\u00e1 garantida durante todo o feriado, atrav\u00e9s do Pronto-Socorro Municipal, da Unidade de Pronto Atendimento (UPA) 24h, e das emerg\u00eancias pedi\u00e1trica e obst\u00e9trica localizadas no Hospital Municipal.<\/p>\n\n\n\n<p>O Servi\u00e7o de Resgate tamb\u00e9m opera em regime de plant\u00e3o para atender eventuais ocorr\u00eancias, mas as Unidades B\u00e1sicas de Sa\u00fade (UBSs) e as unidades de Estrat\u00e9gia de Sa\u00fade da Fam\u00edlia (ESF) permanecem fechadas nessa sexta-feira, reabrindo na segunda.<\/p>\n","protected":false},"excerpt":{"rendered":"<p>A Prefeitura de Rio das Ostras divulgou, nessa quinta-feira, 30 de abril, um esquema especial de funcionamento das reparti\u00e7\u00f5es p\u00fablicas para o fim de semana prolongado do feriado do Dia do Trabalhador, nessa sexta-feira, 1\u00ba de maio. Para esse feriad\u00e3o, parques e unidades culturais v\u00e3o abrir em hor\u00e1rios diferenciados, enquanto unidades de emerg\u00eancia em sa\u00fade [&hellip;]<\/p>\n","protected":false},"author":2,"featured_media":32857,"comment_status":"open","ping_status":"open","sticky":false,"template":"","format":"standard","meta":{"footnotes":""},"categories":[4],"tags":[3499],"class_list":["post-32856","post","type-post","status-publish","format-standard","has-post-thumbnail","hentry","category-rio-das-ostras","tag-feriadao-do-dia-do-trabalhador"],"_links":{"self":[{"href":"https:\/\/blogdodanielgalvao.com.br\/site\/wp-json\/wp\/v2\/posts\/32856","targetHints":{"allow":["GET"]}}],"collection":[{"href":"https:\/\/blogdodanielgalvao.com.br\/site\/wp-json\/wp\/v2\/posts"}],"about":[{"href":"https:\/\/blogdodanielgalvao.com.br\/site\/wp-json\/wp\/v2\/types\/post"}],"author":[{"embeddable":true,"href":"https:\/\/blogdodanielgalvao.com.br\/site\/wp-json\/wp\/v2\/users\/2"}],"replies":[{"embeddable":true,"href":"https:\/\/blogdodanielgalvao.com.br\/site\/wp-json\/wp\/v2\/comments?post=32856"}],"version-history":[{"count":1,"href":"https:\/\/blogdodanielgalvao.com.br\/site\/wp-json\/wp\/v2\/posts\/32856\/revisions"}],"predecessor-version":[{"id":32858,"href":"https:\/\/blogdodanielgalvao.com.br\/site\/wp-json\/wp\/v2\/posts\/32856\/revisions\/32858"}],"wp:featuredmedia":[{"embeddable":true,"href":"https:\/\/blogdodanielgalvao.com.br\/site\/wp-json\/wp\/v2\/media\/32857"}],"wp:attachment":[{"href":"https:\/\/blogdodanielgalvao.com.br\/site\/wp-json\/wp\/v2\/media?parent=32856"}],"wp:term":[{"taxonomy":"category","embeddable":true,"href":"https:\/\/blogdodanielgalvao.com.br\/site\/wp-json\/wp\/v2\/categories?post=32856"},{"taxonomy":"post_tag","embeddable":true,"href":"https:\/\/blogdodanielgalvao.com.br\/site\/wp-json\/wp\/v2\/tags?post=32856"}],"curies":[{"name":"wp","href":"https:\/\/api.w.org\/{rel}","templated":true}]}}