{"id":32847,"date":"2026-04-30T16:52:14","date_gmt":"2026-04-30T19:52:14","guid":{"rendered":"https:\/\/blogdodanielgalvao.com.br\/site\/?p=32847"},"modified":"2026-04-30T16:52:18","modified_gmt":"2026-04-30T19:52:18","slug":"arraial-do-cabo-prende-suspeito-de-liderar-trafico-durante-festa-em-monte-alto","status":"publish","type":"post","link":"https:\/\/blogdodanielgalvao.com.br\/site\/arraial-do-cabo-prende-suspeito-de-liderar-trafico-durante-festa-em-monte-alto\/","title":{"rendered":"Arraial do Cabo prende suspeito de liderar tr\u00e1fico durante festa em Monte Alto"},"content":{"rendered":"\n<p>Uma a\u00e7\u00e3o conjunta da Pol\u00edcia Militar e do PROEIS, vinculado \u00e0 Secretaria Municipal de Seguran\u00e7a P\u00fablica, resultou na pris\u00e3o de um homem de 24 anos na noite de segunda-feira (27), em Arraial do Cabo. Ele \u00e9 apontado como um dos respons\u00e1veis pela lideran\u00e7a do tr\u00e1fico de drogas na regi\u00e3o e estava foragido da Justi\u00e7a.<\/p>\n\n\n\n<p>O suspeito foi localizado no distrito de Monte Alto, enquanto participava de um evento privado \u00e0s margens da lagoa. A opera\u00e7\u00e3o foi desencadeada ap\u00f3s troca de informa\u00e7\u00f5es entre equipes do 25\u00ba BPM, que identificaram a presen\u00e7a do homem no local.<\/p>\n\n\n\n<p>Por volta das 23h, os agentes se deslocaram at\u00e9 a Avenida P\u00f4r do Sol, onde conseguiram reconhecer e abordar o suspeito. Contra ele, havia um mandado de pris\u00e3o em aberto expedido pela Justi\u00e7a.<\/p>\n\n\n\n<p>Ap\u00f3s a deten\u00e7\u00e3o, o homem foi encaminhado \u00e0 delegacia de Arraial do Cabo e, posteriormente, transferido para a 125\u00aa Delegacia de Pol\u00edcia. Ele permanece preso e \u00e0 disposi\u00e7\u00e3o do Judici\u00e1rio.&nbsp;&nbsp;&nbsp;&nbsp;<\/p>\n","protected":false},"excerpt":{"rendered":"<p>Uma a\u00e7\u00e3o conjunta da Pol\u00edcia Militar e do PROEIS, vinculado \u00e0 Secretaria Municipal de Seguran\u00e7a P\u00fablica, resultou na pris\u00e3o de um homem de 24 anos na noite de segunda-feira (27), em Arraial do Cabo. Ele \u00e9 apontado como um dos respons\u00e1veis pela lideran\u00e7a do tr\u00e1fico de drogas na regi\u00e3o e estava foragido da Justi\u00e7a. O [&hellip;]<\/p>\n","protected":false},"author":2,"featured_media":32848,"comment_status":"open","ping_status":"open","sticky":false,"template":"","format":"standard","meta":{"footnotes":""},"categories":[838],"tags":[],"class_list":["post-32847","post","type-post","status-publish","format-standard","has-post-thumbnail","hentry","category-arraial-do-cabo"],"_links":{"self":[{"href":"https:\/\/blogdodanielgalvao.com.br\/site\/wp-json\/wp\/v2\/posts\/32847","targetHints":{"allow":["GET"]}}],"collection":[{"href":"https:\/\/blogdodanielgalvao.com.br\/site\/wp-json\/wp\/v2\/posts"}],"about":[{"href":"https:\/\/blogdodanielgalvao.com.br\/site\/wp-json\/wp\/v2\/types\/post"}],"author":[{"embeddable":true,"href":"https:\/\/blogdodanielgalvao.com.br\/site\/wp-json\/wp\/v2\/users\/2"}],"replies":[{"embeddable":true,"href":"https:\/\/blogdodanielgalvao.com.br\/site\/wp-json\/wp\/v2\/comments?post=32847"}],"version-history":[{"count":1,"href":"https:\/\/blogdodanielgalvao.com.br\/site\/wp-json\/wp\/v2\/posts\/32847\/revisions"}],"predecessor-version":[{"id":32849,"href":"https:\/\/blogdodanielgalvao.com.br\/site\/wp-json\/wp\/v2\/posts\/32847\/revisions\/32849"}],"wp:featuredmedia":[{"embeddable":true,"href":"https:\/\/blogdodanielgalvao.com.br\/site\/wp-json\/wp\/v2\/media\/32848"}],"wp:attachment":[{"href":"https:\/\/blogdodanielgalvao.com.br\/site\/wp-json\/wp\/v2\/media?parent=32847"}],"wp:term":[{"taxonomy":"category","embeddable":true,"href":"https:\/\/blogdodanielgalvao.com.br\/site\/wp-json\/wp\/v2\/categories?post=32847"},{"taxonomy":"post_tag","embeddable":true,"href":"https:\/\/blogdodanielgalvao.com.br\/site\/wp-json\/wp\/v2\/tags?post=32847"}],"curies":[{"name":"wp","href":"https:\/\/api.w.org\/{rel}","templated":true}]}}