{"id":32844,"date":"2026-04-30T16:47:38","date_gmt":"2026-04-30T19:47:38","guid":{"rendered":"https:\/\/blogdodanielgalvao.com.br\/site\/?p=32844"},"modified":"2026-04-30T16:47:43","modified_gmt":"2026-04-30T19:47:43","slug":"cabo-frio-prende-suspeito-apos-perseguicao-e-importunacao-contra-menor","status":"publish","type":"post","link":"https:\/\/blogdodanielgalvao.com.br\/site\/cabo-frio-prende-suspeito-apos-perseguicao-e-importunacao-contra-menor\/","title":{"rendered":"Cabo Frio prende suspeito ap\u00f3s persegui\u00e7\u00e3o e importuna\u00e7\u00e3o contra menor"},"content":{"rendered":"\n<p>Na manh\u00e3 desta ter\u00e7a-feira (29), por volta das 10h, uma ocorr\u00eancia de importuna\u00e7\u00e3o mobilizou as for\u00e7as de seguran\u00e7a em Cabo Frio. O secret\u00e1rio de Seguran\u00e7a, coronel Gl\u00e1ucio, recebeu um pedido de socorro relatando que uma menina havia sido perseguida por aproximadamente um quil\u00f4metro por um homem de bicicleta, que proferia palavras de cunho ofensivo e sexual durante a a\u00e7\u00e3o.<\/p>\n\n\n\n<p>Com base nas informa\u00e7\u00f5es de hor\u00e1rio e localiza\u00e7\u00e3o, a Central de Monitoramento do munic\u00edpio foi acionada e iniciou a busca por imagens que pudessem confirmar a den\u00fancia. As c\u00e2meras registraram a persegui\u00e7\u00e3o, o que permitiu a identifica\u00e7\u00e3o do suspeito.<\/p>\n\n\n\n<p>De posse das imagens, as equipes da Guarda Municipal foram acionadas e conseguiram localizar o indiv\u00edduo. Ele foi abordado, detido e encaminhado para a 127\u00aa Delegacia de Pol\u00edcia de Cabo Frio, onde permaneceu preso, \u00e0 disposi\u00e7\u00e3o da Justi\u00e7a.&nbsp;&nbsp;&nbsp;&nbsp;&nbsp;<\/p>\n","protected":false},"excerpt":{"rendered":"<p>Na manh\u00e3 desta ter\u00e7a-feira (29), por volta das 10h, uma ocorr\u00eancia de importuna\u00e7\u00e3o mobilizou as for\u00e7as de seguran\u00e7a em Cabo Frio. O secret\u00e1rio de Seguran\u00e7a, coronel Gl\u00e1ucio, recebeu um pedido de socorro relatando que uma menina havia sido perseguida por aproximadamente um quil\u00f4metro por um homem de bicicleta, que proferia palavras de cunho ofensivo e [&hellip;]<\/p>\n","protected":false},"author":2,"featured_media":32845,"comment_status":"open","ping_status":"open","sticky":false,"template":"","format":"standard","meta":{"footnotes":""},"categories":[340],"tags":[],"class_list":["post-32844","post","type-post","status-publish","format-standard","has-post-thumbnail","hentry","category-cabo-frio"],"_links":{"self":[{"href":"https:\/\/blogdodanielgalvao.com.br\/site\/wp-json\/wp\/v2\/posts\/32844","targetHints":{"allow":["GET"]}}],"collection":[{"href":"https:\/\/blogdodanielgalvao.com.br\/site\/wp-json\/wp\/v2\/posts"}],"about":[{"href":"https:\/\/blogdodanielgalvao.com.br\/site\/wp-json\/wp\/v2\/types\/post"}],"author":[{"embeddable":true,"href":"https:\/\/blogdodanielgalvao.com.br\/site\/wp-json\/wp\/v2\/users\/2"}],"replies":[{"embeddable":true,"href":"https:\/\/blogdodanielgalvao.com.br\/site\/wp-json\/wp\/v2\/comments?post=32844"}],"version-history":[{"count":1,"href":"https:\/\/blogdodanielgalvao.com.br\/site\/wp-json\/wp\/v2\/posts\/32844\/revisions"}],"predecessor-version":[{"id":32846,"href":"https:\/\/blogdodanielgalvao.com.br\/site\/wp-json\/wp\/v2\/posts\/32844\/revisions\/32846"}],"wp:featuredmedia":[{"embeddable":true,"href":"https:\/\/blogdodanielgalvao.com.br\/site\/wp-json\/wp\/v2\/media\/32845"}],"wp:attachment":[{"href":"https:\/\/blogdodanielgalvao.com.br\/site\/wp-json\/wp\/v2\/media?parent=32844"}],"wp:term":[{"taxonomy":"category","embeddable":true,"href":"https:\/\/blogdodanielgalvao.com.br\/site\/wp-json\/wp\/v2\/categories?post=32844"},{"taxonomy":"post_tag","embeddable":true,"href":"https:\/\/blogdodanielgalvao.com.br\/site\/wp-json\/wp\/v2\/tags?post=32844"}],"curies":[{"name":"wp","href":"https:\/\/api.w.org\/{rel}","templated":true}]}}