{"id":32831,"date":"2026-04-30T11:59:20","date_gmt":"2026-04-30T14:59:20","guid":{"rendered":"https:\/\/blogdodanielgalvao.com.br\/site\/?p=32831"},"modified":"2026-04-30T11:59:23","modified_gmt":"2026-04-30T14:59:23","slug":"feriado-do-trabalhador-e-aniversario-de-5-cidades-movimentam-o-turismo-da-regiao","status":"publish","type":"post","link":"https:\/\/blogdodanielgalvao.com.br\/site\/feriado-do-trabalhador-e-aniversario-de-5-cidades-movimentam-o-turismo-da-regiao\/","title":{"rendered":"Feriado do Trabalhador e anivers\u00e1rio de 5 cidades movimentam o turismo da regi\u00e3o"},"content":{"rendered":"\n<p>O m\u00eas de maio come\u00e7a nessa sexta-feira, 1\u00ba de maio, com o tradicional feriado nacional do Dia do Trabalhador, institu\u00eddo h\u00e1 mais 100 anos, em 1924, pelo ent\u00e3o presidente Arthur Bernardes (PRM), em alus\u00e3o \u00e0 morte de trabalhadores que lutavam pela redu\u00e7\u00e3o da jornada de trabalho em Chicago, nos Estados Unidos (EUA), em 1886.<\/p>\n\n\n\n<p>Considerado o \u00fanico feriado n\u00e3o religioso de amplitude mundial, sendo celebrado em 157 pa\u00edses, segundo a Organiza\u00e7\u00e3o das Na\u00e7\u00f5es Unidas (ONU), a data traz impactos que v\u00e3o muito al\u00e9m da sua import\u00e2ncia hist\u00f3rica.<\/p>\n\n\n\n<p>Al\u00e9m da rela\u00e7\u00e3o com os recentes debates nacionais sobre o fim da escala 6&#215;1, o feriado nacional impacta diretamente o funcionamento de bancos, reparti\u00e7\u00f5es p\u00fablicas e parte do com\u00e9rcio, al\u00e9m do turismo, especialmente em regi\u00f5es como a Regi\u00e3o dos Lagos.<\/p>\n\n\n\n<p>Por ser um feriado nacional, as ag\u00eancias banc\u00e1rias devem ficar fechadas nessa sexta-feira, enquanto \u00f3rg\u00e3os p\u00fablicos devem funcionar apenas para os setores de emerg\u00eancia, como sa\u00fade, seguran\u00e7a p\u00fablica e limpeza p\u00fablica.<\/p>\n\n\n\n<p>Com mais um fim de semana prolongado no calend\u00e1rio, a Regi\u00e3o dos Lagos deve ter novo aumento na taxa de ocupa\u00e7\u00e3o, especialmente entre sexta e domingo, com aten\u00e7\u00e3o redobrada nas estradas e principais acessos aos munic\u00edpios do litoral.<\/p>\n\n\n\n<p>Estimativas da Ecovias Ponte, que administra a Ponte Rio-Niter\u00f3i, apontam para 674 mil ve\u00edculos saindo de Niter\u00f3i em dire\u00e7\u00e3o \u00e0 Regi\u00e3o dos Lagos no Feriado do Trabalhador, enquanto a Arteris Fluminense, respons\u00e1vel pela BR-101, prev\u00ea 440 mil ve\u00edculos na rodovia federal nesse per\u00edodo.<\/p>\n\n\n\n<p><strong>Mais feriados <\/strong>\u2013 Mas apesar de maio ter apenas um feriado no calend\u00e1rio nacional, a regi\u00e3o ter\u00e1 muitos outros, j\u00e1 que muitas cidades comemoram anivers\u00e1rio nesse m\u00eas, como \u00e9 o caso de Saquarema (8), Silva Jardim (8), Arraial do Cabo (13), S\u00e3o Pedro da Aldeia (16) e Maric\u00e1 (26).<\/p>\n\n\n\n<p>Al\u00e9m de feriados locais ou pontos facultativos, o que altera servi\u00e7os, as comemora\u00e7\u00f5es costumam ser acompanhadas por grandes festas e shows gratuitos com grandes nomes da m\u00fasica nacional, aumentando o fluxo de visitantes e aquecendo o com\u00e9rcio local.<\/p>\n\n\n\n<p>A expectativa \u00e9 que o turismo regional ganhe ainda mais for\u00e7a nesse m\u00eas, atraindo mais visitantes, especialmente da capital, Regi\u00e3o Metropolitana e Regi\u00e3o Serrana, que podem fazer viagens mais curtas e aproveitar o fim de semana na regi\u00e3o.<\/p>\n\n\n\n<p>Tudo isso aquece a economia, movimentando o com\u00e9rcio, bares, restaurantes, pousadas e atra\u00e7\u00f5es tur\u00edsticas, al\u00e9m do setor de servi\u00e7os em geral, que devem registrar aumento na demanda, enquanto servi\u00e7os essenciais operam em esquema diferenciado, fazendo de maio, al\u00e9m do M\u00eas do Trabalhador, um m\u00eas tamb\u00e9m do turismo na regi\u00e3o.<\/p>\n","protected":false},"excerpt":{"rendered":"<p>O m\u00eas de maio come\u00e7a nessa sexta-feira, 1\u00ba de maio, com o tradicional feriado nacional do Dia do Trabalhador, institu\u00eddo h\u00e1 mais 100 anos, em 1924, pelo ent\u00e3o presidente Arthur Bernardes (PRM), em alus\u00e3o \u00e0 morte de trabalhadores que lutavam pela redu\u00e7\u00e3o da jornada de trabalho em Chicago, nos Estados Unidos (EUA), em 1886. Considerado [&hellip;]<\/p>\n","protected":false},"author":2,"featured_media":32832,"comment_status":"open","ping_status":"open","sticky":false,"template":"","format":"standard","meta":{"footnotes":""},"categories":[2978,2220],"tags":[],"class_list":["post-32831","post","type-post","status-publish","format-standard","has-post-thumbnail","hentry","category-destaques-topo","category-regiao-dos-lagos"],"_links":{"self":[{"href":"https:\/\/blogdodanielgalvao.com.br\/site\/wp-json\/wp\/v2\/posts\/32831","targetHints":{"allow":["GET"]}}],"collection":[{"href":"https:\/\/blogdodanielgalvao.com.br\/site\/wp-json\/wp\/v2\/posts"}],"about":[{"href":"https:\/\/blogdodanielgalvao.com.br\/site\/wp-json\/wp\/v2\/types\/post"}],"author":[{"embeddable":true,"href":"https:\/\/blogdodanielgalvao.com.br\/site\/wp-json\/wp\/v2\/users\/2"}],"replies":[{"embeddable":true,"href":"https:\/\/blogdodanielgalvao.com.br\/site\/wp-json\/wp\/v2\/comments?post=32831"}],"version-history":[{"count":1,"href":"https:\/\/blogdodanielgalvao.com.br\/site\/wp-json\/wp\/v2\/posts\/32831\/revisions"}],"predecessor-version":[{"id":32833,"href":"https:\/\/blogdodanielgalvao.com.br\/site\/wp-json\/wp\/v2\/posts\/32831\/revisions\/32833"}],"wp:featuredmedia":[{"embeddable":true,"href":"https:\/\/blogdodanielgalvao.com.br\/site\/wp-json\/wp\/v2\/media\/32832"}],"wp:attachment":[{"href":"https:\/\/blogdodanielgalvao.com.br\/site\/wp-json\/wp\/v2\/media?parent=32831"}],"wp:term":[{"taxonomy":"category","embeddable":true,"href":"https:\/\/blogdodanielgalvao.com.br\/site\/wp-json\/wp\/v2\/categories?post=32831"},{"taxonomy":"post_tag","embeddable":true,"href":"https:\/\/blogdodanielgalvao.com.br\/site\/wp-json\/wp\/v2\/tags?post=32831"}],"curies":[{"name":"wp","href":"https:\/\/api.w.org\/{rel}","templated":true}]}}