{"id":32801,"date":"2026-04-29T18:00:11","date_gmt":"2026-04-29T21:00:11","guid":{"rendered":"https:\/\/blogdodanielgalvao.com.br\/site\/?p=32801"},"modified":"2026-04-29T18:00:19","modified_gmt":"2026-04-29T21:00:19","slug":"aniversario-do-parque-de-jurubatiba-reforca-consciencia-ambiental-entre-criancas","status":"publish","type":"post","link":"https:\/\/blogdodanielgalvao.com.br\/site\/aniversario-do-parque-de-jurubatiba-reforca-consciencia-ambiental-entre-criancas\/","title":{"rendered":"Anivers\u00e1rio do Parque de Jurubatiba refor\u00e7a consci\u00eancia ambiental entre crian\u00e7as"},"content":{"rendered":"\n<p>Em comemora\u00e7\u00e3o aos 28 anos de funda\u00e7\u00e3o do Parque Nacional da Restinga de Jurubatiba (PARNA) o poder p\u00fablico de Quissam\u00e3 promoveu uma atividade educativa voltada aos alunos do 4\u00ba e 5\u00ba anos da Escola Municipal Ign\u00e1cio Hugo de Souza. Os estudantes participaram de a\u00e7\u00f5es interativas, sobretudo com intuito de promover a conscientiza\u00e7\u00e3o sobre a import\u00e2ncia da preserva\u00e7\u00e3o dos ecossistemas locais.<\/p>\n\n\n\n<p>Os educadores aproveitaram a oportunidade para destacar a relev\u00e2ncia do Parque. Atualmente ele se destaca como importante \u00e1rea de preserva\u00e7\u00e3o e descanso para aves migrat\u00f3rias. Os profissionais tamb\u00e9m abordaram temas como a preserva\u00e7\u00e3o das lagoas costeiras e a biodiversidade da restinga.<\/p>\n\n\n\n<p>\u201cA parceria entre as secretarias fortalece o aprendizado dos nossos alunos, conectando o conte\u00fado em sala de aula com a realidade do nosso territ\u00f3rio. \u00c9 assim que constru\u00edmos uma educa\u00e7\u00e3o mais completa e consciente\u201d, disse o secret\u00e1rio municipal de Educa\u00e7\u00e3o ressaltando o trabalho em conjunto de diferentes \u00e1reas.<\/p>\n\n\n\n<p>O Parque tem 65% de sua extens\u00e3o territorial em Quissam\u00e3, passando tamb\u00e9m por Carapebus e Maca\u00e9. Exatamente por isso, a coopera\u00e7\u00e3o dos munic\u00edpios \u00e9 fundamental para manter o local em ordem.<\/p>\n\n\n\n<p>O secret\u00e1rio municipal de Agricultura, Meio Ambiente e Pesca, Cosme Francisco, ressaltou a import\u00e2ncia da a\u00e7\u00e3o. \u201cCelebrar o anivers\u00e1rio do PARNA Jurubatiba com atividades educativas \u00e9 fortalecer a consci\u00eancia ambiental desde cedo. Nosso munic\u00edpio tem um papel essencial na preserva\u00e7\u00e3o desse ecossistema t\u00e3o rico e precisamos envolver cada vez mais nossas crian\u00e7as nesse compromisso\u201d, afirmou.<\/p>\n\n\n\n<p>J\u00e1 o assessor de Meio Ambiente, Luiz Carlos Fonseca, tamb\u00e9m destacou o impacto da iniciativa. \u201cA educa\u00e7\u00e3o ambiental \u00e9 uma ferramenta poderosa para garantir a preserva\u00e7\u00e3o a longo prazo. Quando trabalhamos esse tema com os alunos, estamos formando multiplicadores de boas pr\u00e1ticas\u201d, pontuou.<\/p>\n","protected":false},"excerpt":{"rendered":"<p>Em comemora\u00e7\u00e3o aos 28 anos de funda\u00e7\u00e3o do Parque Nacional da Restinga de Jurubatiba (PARNA) o poder p\u00fablico de Quissam\u00e3 promoveu uma atividade educativa voltada aos alunos do 4\u00ba e 5\u00ba anos da Escola Municipal Ign\u00e1cio Hugo de Souza. Os estudantes participaram de a\u00e7\u00f5es interativas, sobretudo com intuito de promover a conscientiza\u00e7\u00e3o sobre a import\u00e2ncia [&hellip;]<\/p>\n","protected":false},"author":2,"featured_media":32802,"comment_status":"open","ping_status":"open","sticky":false,"template":"","format":"standard","meta":{"footnotes":""},"categories":[5],"tags":[3492],"class_list":["post-32801","post","type-post","status-publish","format-standard","has-post-thumbnail","hentry","category-quissama","tag-aniversario-do-parna-jurubatiba"],"_links":{"self":[{"href":"https:\/\/blogdodanielgalvao.com.br\/site\/wp-json\/wp\/v2\/posts\/32801","targetHints":{"allow":["GET"]}}],"collection":[{"href":"https:\/\/blogdodanielgalvao.com.br\/site\/wp-json\/wp\/v2\/posts"}],"about":[{"href":"https:\/\/blogdodanielgalvao.com.br\/site\/wp-json\/wp\/v2\/types\/post"}],"author":[{"embeddable":true,"href":"https:\/\/blogdodanielgalvao.com.br\/site\/wp-json\/wp\/v2\/users\/2"}],"replies":[{"embeddable":true,"href":"https:\/\/blogdodanielgalvao.com.br\/site\/wp-json\/wp\/v2\/comments?post=32801"}],"version-history":[{"count":1,"href":"https:\/\/blogdodanielgalvao.com.br\/site\/wp-json\/wp\/v2\/posts\/32801\/revisions"}],"predecessor-version":[{"id":32803,"href":"https:\/\/blogdodanielgalvao.com.br\/site\/wp-json\/wp\/v2\/posts\/32801\/revisions\/32803"}],"wp:featuredmedia":[{"embeddable":true,"href":"https:\/\/blogdodanielgalvao.com.br\/site\/wp-json\/wp\/v2\/media\/32802"}],"wp:attachment":[{"href":"https:\/\/blogdodanielgalvao.com.br\/site\/wp-json\/wp\/v2\/media?parent=32801"}],"wp:term":[{"taxonomy":"category","embeddable":true,"href":"https:\/\/blogdodanielgalvao.com.br\/site\/wp-json\/wp\/v2\/categories?post=32801"},{"taxonomy":"post_tag","embeddable":true,"href":"https:\/\/blogdodanielgalvao.com.br\/site\/wp-json\/wp\/v2\/tags?post=32801"}],"curies":[{"name":"wp","href":"https:\/\/api.w.org\/{rel}","templated":true}]}}