{"id":32788,"date":"2026-04-29T17:12:19","date_gmt":"2026-04-29T20:12:19","guid":{"rendered":"https:\/\/blogdodanielgalvao.com.br\/site\/?p=32788"},"modified":"2026-04-29T17:12:24","modified_gmt":"2026-04-29T20:12:24","slug":"biblioteca-publica-de-cabo-frio-celebra-62-anos-com-programacao-cultural-gratuita","status":"publish","type":"post","link":"https:\/\/blogdodanielgalvao.com.br\/site\/biblioteca-publica-de-cabo-frio-celebra-62-anos-com-programacao-cultural-gratuita\/","title":{"rendered":"Biblioteca p\u00fablica de Cabo Frio celebra 62 anos com programa\u00e7\u00e3o cultural gratuita"},"content":{"rendered":"\n<p>A Biblioteca P\u00fablica Municipal Professor Walter Nogueira, em Cabo Frio, completa 62 anos de hist\u00f3ria e prepara uma programa\u00e7\u00e3o especial aberta ao p\u00fablico. As atividades acontecem na pr\u00f3xima quarta-feira (6), das 14h \u00e0s 17h, na sede da institui\u00e7\u00e3o, localizada na Pra\u00e7a Dom Pedro II, no Centro da cidade.<\/p>\n\n\n\n<p>Fundada em 1964 pelo professor, escritor e cr\u00edtico Walter Nogueira, a biblioteca foi oficialmente reconhecida como p\u00fablica municipal em 1966. Atualmente, o espa\u00e7o re\u00fane um acervo de cerca de 30 mil livros, incluindo exemplares raros dos s\u00e9culos XVIII e XIX, al\u00e9m de contar com aproximadamente 5 mil leitores cadastrados.<\/p>\n\n\n\n<p>A programa\u00e7\u00e3o comemorativa inclui execu\u00e7\u00e3o do Hino Nacional e do Hino de Cabo Frio, apresenta\u00e7\u00e3o do Coral Despertar, al\u00e9m de um resgate hist\u00f3rico da institui\u00e7\u00e3o conduzido pela Academia Cabofriense de Letras.<\/p>\n\n\n\n<p>O evento tamb\u00e9m contar\u00e1 com sarau liter\u00e1rio, homenagens aos leitores mirins e o lan\u00e7amento do livro \u201cOmod\u00e9 e Curumim: inf\u00e2ncias ind\u00edgenas e afro-brasileiras\u201d, da escritora e antrop\u00f3loga Rosiane Rodrigues, seguido de sess\u00e3o de aut\u00f3grafos.<\/p>\n\n\n\n<p>A celebra\u00e7\u00e3o re\u00fane ainda representantes de entidades culturais, estudantes, leitores e convidados, consolidando o espa\u00e7o como um dos principais polos de incentivo \u00e0 leitura e \u00e0 cultura na cidade.&nbsp;&nbsp;&nbsp;&nbsp;<\/p>\n","protected":false},"excerpt":{"rendered":"<p>A Biblioteca P\u00fablica Municipal Professor Walter Nogueira, em Cabo Frio, completa 62 anos de hist\u00f3ria e prepara uma programa\u00e7\u00e3o especial aberta ao p\u00fablico. As atividades acontecem na pr\u00f3xima quarta-feira (6), das 14h \u00e0s 17h, na sede da institui\u00e7\u00e3o, localizada na Pra\u00e7a Dom Pedro II, no Centro da cidade. Fundada em 1964 pelo professor, escritor e [&hellip;]<\/p>\n","protected":false},"author":2,"featured_media":32789,"comment_status":"open","ping_status":"open","sticky":false,"template":"","format":"standard","meta":{"footnotes":""},"categories":[340],"tags":[],"class_list":["post-32788","post","type-post","status-publish","format-standard","has-post-thumbnail","hentry","category-cabo-frio"],"_links":{"self":[{"href":"https:\/\/blogdodanielgalvao.com.br\/site\/wp-json\/wp\/v2\/posts\/32788","targetHints":{"allow":["GET"]}}],"collection":[{"href":"https:\/\/blogdodanielgalvao.com.br\/site\/wp-json\/wp\/v2\/posts"}],"about":[{"href":"https:\/\/blogdodanielgalvao.com.br\/site\/wp-json\/wp\/v2\/types\/post"}],"author":[{"embeddable":true,"href":"https:\/\/blogdodanielgalvao.com.br\/site\/wp-json\/wp\/v2\/users\/2"}],"replies":[{"embeddable":true,"href":"https:\/\/blogdodanielgalvao.com.br\/site\/wp-json\/wp\/v2\/comments?post=32788"}],"version-history":[{"count":1,"href":"https:\/\/blogdodanielgalvao.com.br\/site\/wp-json\/wp\/v2\/posts\/32788\/revisions"}],"predecessor-version":[{"id":32790,"href":"https:\/\/blogdodanielgalvao.com.br\/site\/wp-json\/wp\/v2\/posts\/32788\/revisions\/32790"}],"wp:featuredmedia":[{"embeddable":true,"href":"https:\/\/blogdodanielgalvao.com.br\/site\/wp-json\/wp\/v2\/media\/32789"}],"wp:attachment":[{"href":"https:\/\/blogdodanielgalvao.com.br\/site\/wp-json\/wp\/v2\/media?parent=32788"}],"wp:term":[{"taxonomy":"category","embeddable":true,"href":"https:\/\/blogdodanielgalvao.com.br\/site\/wp-json\/wp\/v2\/categories?post=32788"},{"taxonomy":"post_tag","embeddable":true,"href":"https:\/\/blogdodanielgalvao.com.br\/site\/wp-json\/wp\/v2\/tags?post=32788"}],"curies":[{"name":"wp","href":"https:\/\/api.w.org\/{rel}","templated":true}]}}