{"id":32782,"date":"2026-04-29T17:05:12","date_gmt":"2026-04-29T20:05:12","guid":{"rendered":"https:\/\/blogdodanielgalvao.com.br\/site\/?p=32782"},"modified":"2026-04-29T17:05:18","modified_gmt":"2026-04-29T20:05:18","slug":"arraial-do-cabo-promove-festival-de-mergulho-com-programacao-gratuita-no-feriado-de-maio","status":"publish","type":"post","link":"https:\/\/blogdodanielgalvao.com.br\/site\/arraial-do-cabo-promove-festival-de-mergulho-com-programacao-gratuita-no-feriado-de-maio\/","title":{"rendered":"Arraial do Cabo promove festival de mergulho com programa\u00e7\u00e3o gratuita no feriado de maio"},"content":{"rendered":"\n<p>Arraial do Cabo ser\u00e1 palco, entre os dias 1\u00ba e 3 de maio, de um dos principais encontros voltados ao universo do mergulho na Regi\u00e3o dos Lagos. O Arraial Diving Festival promete reunir profissionais do setor, praticantes e admiradores do ambiente marinho em uma programa\u00e7\u00e3o gratuita e diversificada.<\/p>\n\n\n\n<p>As atividades ser\u00e3o realizadas na sede da Secretaria de Educa\u00e7\u00e3o, antigo pr\u00e9dio do sindicato, e incluem palestras t\u00e9cnicas, sa\u00eddas de mergulho, campeonato de fotografia subaqu\u00e1tica e apresenta\u00e7\u00f5es musicais ao longo dos tr\u00eas dias.<\/p>\n\n\n\n<p>O p\u00fablico ter\u00e1 acesso a conte\u00fados apresentados por especialistas, abordando temas como mergulho livre, mergulho t\u00e9cnico, seguran\u00e7a, sa\u00fade mental e explora\u00e7\u00e3o de naufr\u00e1gios. O evento tamb\u00e9m abre espa\u00e7o para troca de experi\u00eancias entre profissionais reconhecidos na \u00e1rea e participantes.<\/p>\n\n\n\n<p>Entre os destaques est\u00e1 o Campeonato de Foto Sub, programado para os dias 2 e 3 de maio, que busca valorizar a biodiversidade marinha por meio de registros fotogr\u00e1ficos subaqu\u00e1ticos.<\/p>\n\n\n\n<p>Al\u00e9m das atividades t\u00e9cnicas, a programa\u00e7\u00e3o noturna contar\u00e1 com shows musicais, ampliando a experi\u00eancia para moradores e turistas.<\/p>\n\n\n\n<p>A participa\u00e7\u00e3o no evento \u00e9 gratuita, com inscri\u00e7\u00f5es dispon\u00edveis por meio do link divulgado nos canais oficiais. A organiza\u00e7\u00e3o informa que as sa\u00eddas de mergulho s\u00e3o opcionais e contratadas \u00e0 parte, sem v\u00ednculo com a administra\u00e7\u00e3o municipal.<\/p>\n\n\n\n<p>O Arraial Diving Festival refor\u00e7a o posicionamento de Arraial do Cabo como um dos principais destinos de mergulho do pa\u00eds, ao mesmo tempo em que impulsiona o turismo sustent\u00e1vel na regi\u00e3o.&nbsp;&nbsp;&nbsp;&nbsp; &nbsp;<\/p>\n\n\n\n<p>Foto: Vanessa Rodrigues&nbsp;&nbsp;&nbsp;&nbsp;&nbsp;<\/p>\n","protected":false},"excerpt":{"rendered":"<p>Arraial do Cabo ser\u00e1 palco, entre os dias 1\u00ba e 3 de maio, de um dos principais encontros voltados ao universo do mergulho na Regi\u00e3o dos Lagos. O Arraial Diving Festival promete reunir profissionais do setor, praticantes e admiradores do ambiente marinho em uma programa\u00e7\u00e3o gratuita e diversificada. As atividades ser\u00e3o realizadas na sede da [&hellip;]<\/p>\n","protected":false},"author":2,"featured_media":32783,"comment_status":"open","ping_status":"open","sticky":false,"template":"","format":"standard","meta":{"footnotes":""},"categories":[838],"tags":[],"class_list":["post-32782","post","type-post","status-publish","format-standard","has-post-thumbnail","hentry","category-arraial-do-cabo"],"_links":{"self":[{"href":"https:\/\/blogdodanielgalvao.com.br\/site\/wp-json\/wp\/v2\/posts\/32782","targetHints":{"allow":["GET"]}}],"collection":[{"href":"https:\/\/blogdodanielgalvao.com.br\/site\/wp-json\/wp\/v2\/posts"}],"about":[{"href":"https:\/\/blogdodanielgalvao.com.br\/site\/wp-json\/wp\/v2\/types\/post"}],"author":[{"embeddable":true,"href":"https:\/\/blogdodanielgalvao.com.br\/site\/wp-json\/wp\/v2\/users\/2"}],"replies":[{"embeddable":true,"href":"https:\/\/blogdodanielgalvao.com.br\/site\/wp-json\/wp\/v2\/comments?post=32782"}],"version-history":[{"count":1,"href":"https:\/\/blogdodanielgalvao.com.br\/site\/wp-json\/wp\/v2\/posts\/32782\/revisions"}],"predecessor-version":[{"id":32784,"href":"https:\/\/blogdodanielgalvao.com.br\/site\/wp-json\/wp\/v2\/posts\/32782\/revisions\/32784"}],"wp:featuredmedia":[{"embeddable":true,"href":"https:\/\/blogdodanielgalvao.com.br\/site\/wp-json\/wp\/v2\/media\/32783"}],"wp:attachment":[{"href":"https:\/\/blogdodanielgalvao.com.br\/site\/wp-json\/wp\/v2\/media?parent=32782"}],"wp:term":[{"taxonomy":"category","embeddable":true,"href":"https:\/\/blogdodanielgalvao.com.br\/site\/wp-json\/wp\/v2\/categories?post=32782"},{"taxonomy":"post_tag","embeddable":true,"href":"https:\/\/blogdodanielgalvao.com.br\/site\/wp-json\/wp\/v2\/tags?post=32782"}],"curies":[{"name":"wp","href":"https:\/\/api.w.org\/{rel}","templated":true}]}}