{"id":32779,"date":"2026-04-29T13:15:17","date_gmt":"2026-04-29T16:15:17","guid":{"rendered":"https:\/\/blogdodanielgalvao.com.br\/site\/?p=32779"},"modified":"2026-04-29T13:15:23","modified_gmt":"2026-04-29T16:15:23","slug":"operacao-policial-prende-suspeito-de-atuar-para-o-trafico-em-cabo-frio","status":"publish","type":"post","link":"https:\/\/blogdodanielgalvao.com.br\/site\/operacao-policial-prende-suspeito-de-atuar-para-o-trafico-em-cabo-frio\/","title":{"rendered":"Opera\u00e7\u00e3o policial prende suspeito de atuar para o tr\u00e1fico em Cabo Frio"},"content":{"rendered":"\n<p>Um homem de 29 anos foi preso no \u00faltimo s\u00e1bado (25) durante uma a\u00e7\u00e3o integrada da Pol\u00edcia Civil do Estado do Rio de Janeiro. Rhamon Santana Gomes \u00e9 investigado por associa\u00e7\u00e3o ao tr\u00e1fico de drogas e apontado pelas autoridades como integrante da fac\u00e7\u00e3o criminosa Comando Vermelho.<\/p>\n\n\n\n<p>Segundo as investiga\u00e7\u00f5es, ele atuava em Unamar, distrito de Cabo Frio, onde estaria envolvido diretamente nas atividades da organiza\u00e7\u00e3o criminosa na regi\u00e3o. De acordo com os agentes, sua principal fun\u00e7\u00e3o era monitorar o deslocamento entre Cabo Frio e Rio das Ostras, com aten\u00e7\u00e3o especial \u00e0 circula\u00e7\u00e3o de viaturas policiais.<\/p>\n\n\n\n<p>Ainda conforme a apura\u00e7\u00e3o, o suspeito repassava informa\u00e7\u00f5es estrat\u00e9gicas sempre que identificava movimenta\u00e7\u00f5es consideradas relevantes, contribuindo para a log\u00edstica do grupo criminoso e ajudando a evitar a\u00e7\u00f5es policiais. A fun\u00e7\u00e3o de \u201colheiro\u201d \u00e9 considerada essencial dentro da estrutura do tr\u00e1fico, justamente por permitir antecipa\u00e7\u00e3o de opera\u00e7\u00f5es e redu\u00e7\u00e3o de riscos.<\/p>\n\n\n\n<p>A pris\u00e3o ocorreu na faixa de areia da Praia da Macumba, no bairro Recreio dos Bandeirantes, Zona Oeste da capital. Contra ele havia um mandado de pris\u00e3o preventiva em aberto, e, segundo a pol\u00edcia, n\u00e3o houve resist\u00eancia \u00e0 abordagem.<\/p>\n\n\n\n<p>A a\u00e7\u00e3o foi coordenada pelo delegado Evaristo Pontes Magalh\u00e3es, titular da 118\u00aa Delegacia de Pol\u00edcia de Araruama, com apoio da 126\u00aa DP de Cabo Frio. A opera\u00e7\u00e3o integra a chamada Opera\u00e7\u00e3o Sinagoga, que tem como foco o combate \u00e0 atua\u00e7\u00e3o de organiza\u00e7\u00f5es criminosas na Regi\u00e3o dos Lagos.<\/p>\n\n\n\n<p>Ap\u00f3s os procedimentos legais, o suspeito foi encaminhado ao sistema prisional, onde permanece \u00e0 disposi\u00e7\u00e3o da Justi\u00e7a.&nbsp;&nbsp;&nbsp;<\/p>\n","protected":false},"excerpt":{"rendered":"<p>Um homem de 29 anos foi preso no \u00faltimo s\u00e1bado (25) durante uma a\u00e7\u00e3o integrada da Pol\u00edcia Civil do Estado do Rio de Janeiro. Rhamon Santana Gomes \u00e9 investigado por associa\u00e7\u00e3o ao tr\u00e1fico de drogas e apontado pelas autoridades como integrante da fac\u00e7\u00e3o criminosa Comando Vermelho. Segundo as investiga\u00e7\u00f5es, ele atuava em Unamar, distrito de [&hellip;]<\/p>\n","protected":false},"author":2,"featured_media":32780,"comment_status":"open","ping_status":"open","sticky":false,"template":"","format":"standard","meta":{"footnotes":""},"categories":[340],"tags":[],"class_list":["post-32779","post","type-post","status-publish","format-standard","has-post-thumbnail","hentry","category-cabo-frio"],"_links":{"self":[{"href":"https:\/\/blogdodanielgalvao.com.br\/site\/wp-json\/wp\/v2\/posts\/32779","targetHints":{"allow":["GET"]}}],"collection":[{"href":"https:\/\/blogdodanielgalvao.com.br\/site\/wp-json\/wp\/v2\/posts"}],"about":[{"href":"https:\/\/blogdodanielgalvao.com.br\/site\/wp-json\/wp\/v2\/types\/post"}],"author":[{"embeddable":true,"href":"https:\/\/blogdodanielgalvao.com.br\/site\/wp-json\/wp\/v2\/users\/2"}],"replies":[{"embeddable":true,"href":"https:\/\/blogdodanielgalvao.com.br\/site\/wp-json\/wp\/v2\/comments?post=32779"}],"version-history":[{"count":1,"href":"https:\/\/blogdodanielgalvao.com.br\/site\/wp-json\/wp\/v2\/posts\/32779\/revisions"}],"predecessor-version":[{"id":32781,"href":"https:\/\/blogdodanielgalvao.com.br\/site\/wp-json\/wp\/v2\/posts\/32779\/revisions\/32781"}],"wp:featuredmedia":[{"embeddable":true,"href":"https:\/\/blogdodanielgalvao.com.br\/site\/wp-json\/wp\/v2\/media\/32780"}],"wp:attachment":[{"href":"https:\/\/blogdodanielgalvao.com.br\/site\/wp-json\/wp\/v2\/media?parent=32779"}],"wp:term":[{"taxonomy":"category","embeddable":true,"href":"https:\/\/blogdodanielgalvao.com.br\/site\/wp-json\/wp\/v2\/categories?post=32779"},{"taxonomy":"post_tag","embeddable":true,"href":"https:\/\/blogdodanielgalvao.com.br\/site\/wp-json\/wp\/v2\/tags?post=32779"}],"curies":[{"name":"wp","href":"https:\/\/api.w.org\/{rel}","templated":true}]}}