{"id":32765,"date":"2026-04-29T11:37:10","date_gmt":"2026-04-29T14:37:10","guid":{"rendered":"https:\/\/blogdodanielgalvao.com.br\/site\/?p=32765"},"modified":"2026-04-29T11:37:58","modified_gmt":"2026-04-29T14:37:58","slug":"macae-fortalece-posicao-no-esporte-com-realizacao-do-pan-americano-de-karate","status":"publish","type":"post","link":"https:\/\/blogdodanielgalvao.com.br\/site\/macae-fortalece-posicao-no-esporte-com-realizacao-do-pan-americano-de-karate\/","title":{"rendered":"Maca\u00e9 fortalece posi\u00e7\u00e3o no esporte com realiza\u00e7\u00e3o do Pan-Americano de Karat\u00ea"},"content":{"rendered":"\n<p>Maca\u00e9 n\u00e3o s\u00f3 retomou a presen\u00e7a em grandes eventos esportivos como tamb\u00e9m se consolidou como uma das grandes refer\u00eancias no Estado do Rio de Janeiro. De 24 a 31 de maio, o munic\u00edpio estar\u00e1 recebendo o Pan-Americano de Karat\u00ea. Em outras palavras, a cidade vai receber as principais delega\u00e7\u00f5es das Am\u00e9ricas, com sele\u00e7\u00f5es ol\u00edmpicas desembarcando por aqui em uma competi\u00e7\u00e3o de alt\u00edssimo n\u00edvel.<\/p>\n\n\n\n<p>O feito \u00e9 um grande reconhecimento ao munic\u00edpio, que investiu em infraestrutura nos \u00faltimos anos para que retomasse o protagonismo em competi\u00e7\u00f5es de grande porte. Um dos investimentos foi ampla reforma do Gin\u00e1sio Poliesportivo, que agora ter\u00e1 a honra de receber o Pan-Americano de Karat\u00ea, colocando Maca\u00e9 como a capital moment\u00e2nea da modalidade no Brasil e nas Am\u00e9ricas.<\/p>\n\n\n\n<p>\u201cMaca\u00e9 ir\u00e1 reunir os melhores atletas das Am\u00e9ricas, se consolidando como refer\u00eancia na modalidade\u201d, destacou o prefeito Welberth Rezende.<\/p>\n\n\n\n<p>O presidente da Confedera\u00e7\u00e3o Brasileira de Karat\u00ea (CBK), Hermes Queiroz, falou sobre o evento e aproveitou a oportunidade para convidar toda a popula\u00e7\u00e3o para estar prestigiando esse grande torneio na cidade.<\/p>\n\n\n\n<p>\u201c\u00c9 um prazer muito grande o Brasil estar recebendo os melhores atletas da Am\u00e9rica, que estar\u00e3o desfilando aqui em Maca\u00e9. Ou seja, Maca\u00e9 no Rio de Janeiro ser\u00e1 a capital do Karat\u00ea Pan-Americano de 24 a 31 de maio. Convidamos todos a prestigiar esse grandioso evento estar\u00e3o presentes os melhores atletas do continente americano\u201d, disse Hermes.<\/p>\n","protected":false},"excerpt":{"rendered":"<p>Maca\u00e9 n\u00e3o s\u00f3 retomou a presen\u00e7a em grandes eventos esportivos como tamb\u00e9m se consolidou como uma das grandes refer\u00eancias no Estado do Rio de Janeiro. De 24 a 31 de maio, o munic\u00edpio estar\u00e1 recebendo o Pan-Americano de Karat\u00ea. Em outras palavras, a cidade vai receber as principais delega\u00e7\u00f5es das Am\u00e9ricas, com sele\u00e7\u00f5es ol\u00edmpicas desembarcando [&hellip;]<\/p>\n","protected":false},"author":2,"featured_media":32769,"comment_status":"open","ping_status":"open","sticky":false,"template":"","format":"standard","meta":{"footnotes":""},"categories":[2979,1897],"tags":[3488],"class_list":["post-32765","post","type-post","status-publish","format-standard","has-post-thumbnail","hentry","category-destaque-noticia-1","category-esportes","tag-macae-sera-sede-do-pan-americano-de-karate"],"_links":{"self":[{"href":"https:\/\/blogdodanielgalvao.com.br\/site\/wp-json\/wp\/v2\/posts\/32765","targetHints":{"allow":["GET"]}}],"collection":[{"href":"https:\/\/blogdodanielgalvao.com.br\/site\/wp-json\/wp\/v2\/posts"}],"about":[{"href":"https:\/\/blogdodanielgalvao.com.br\/site\/wp-json\/wp\/v2\/types\/post"}],"author":[{"embeddable":true,"href":"https:\/\/blogdodanielgalvao.com.br\/site\/wp-json\/wp\/v2\/users\/2"}],"replies":[{"embeddable":true,"href":"https:\/\/blogdodanielgalvao.com.br\/site\/wp-json\/wp\/v2\/comments?post=32765"}],"version-history":[{"count":1,"href":"https:\/\/blogdodanielgalvao.com.br\/site\/wp-json\/wp\/v2\/posts\/32765\/revisions"}],"predecessor-version":[{"id":32770,"href":"https:\/\/blogdodanielgalvao.com.br\/site\/wp-json\/wp\/v2\/posts\/32765\/revisions\/32770"}],"wp:featuredmedia":[{"embeddable":true,"href":"https:\/\/blogdodanielgalvao.com.br\/site\/wp-json\/wp\/v2\/media\/32769"}],"wp:attachment":[{"href":"https:\/\/blogdodanielgalvao.com.br\/site\/wp-json\/wp\/v2\/media?parent=32765"}],"wp:term":[{"taxonomy":"category","embeddable":true,"href":"https:\/\/blogdodanielgalvao.com.br\/site\/wp-json\/wp\/v2\/categories?post=32765"},{"taxonomy":"post_tag","embeddable":true,"href":"https:\/\/blogdodanielgalvao.com.br\/site\/wp-json\/wp\/v2\/tags?post=32765"}],"curies":[{"name":"wp","href":"https:\/\/api.w.org\/{rel}","templated":true}]}}