{"id":32764,"date":"2026-04-29T11:35:00","date_gmt":"2026-04-29T14:35:00","guid":{"rendered":"https:\/\/blogdodanielgalvao.com.br\/site\/?p=32764"},"modified":"2026-04-29T11:35:07","modified_gmt":"2026-04-29T14:35:07","slug":"praca-da-cidadania-em-cabo-frio-recebe-encontro-de-fe-com-o-profetiza-cabo-frio","status":"publish","type":"post","link":"https:\/\/blogdodanielgalvao.com.br\/site\/praca-da-cidadania-em-cabo-frio-recebe-encontro-de-fe-com-o-profetiza-cabo-frio\/","title":{"rendered":"Pra\u00e7a da Cidadania em Cabo Frio recebe encontro de f\u00e9 com o Profetiza Cabo Frio"},"content":{"rendered":"\n<p>A Pra\u00e7a da Cidadania, localizada na Praia do Forte, ser\u00e1 cen\u00e1rio de um grande encontro religioso nesta quinta-feira (30), a partir das 18h, em Cabo Frio. O evento \u201cProfetiza Cabo Frio\u201d deve reunir igrejas de diferentes denomina\u00e7\u00f5es, lideran\u00e7as religiosas e moradores em uma programa\u00e7\u00e3o voltada \u00e0 f\u00e9 e \u00e0 comunh\u00e3o.<\/p>\n\n\n\n<p>Com proposta interdenominacional, a iniciativa busca integrar diferentes vertentes do cristianismo em um mesmo espa\u00e7o, estimulando valores como uni\u00e3o, esperan\u00e7a e espiritualidade coletiva. A expectativa \u00e9 de um ambiente aberto e acolhedor, permitindo a participa\u00e7\u00e3o de pessoas de todas as idades.<\/p>\n\n\n\n<p>A programa\u00e7\u00e3o inclui momentos de louvor, apresenta\u00e7\u00f5es musicais, ora\u00e7\u00f5es e ministra\u00e7\u00f5es conduzidas por l\u00edderes religiosos locais e convidados. A proposta tamb\u00e9m envolve a reflex\u00e3o sobre princ\u00edpios crist\u00e3os e o fortalecimento da viv\u00eancia espiritual dos participantes.<\/p>\n\n\n\n<p>O encontro conta com o apoio da Prefeitura de Cabo Frio, dentro da proposta de incentivo a eventos que valorizem a diversidade religiosa e promovam o bem-estar social.<\/p>\n\n\n\n<p>Gratuito e aberto ao p\u00fablico, o \u201cProfetiza Cabo Frio\u201d convida a popula\u00e7\u00e3o para uma noite dedicada \u00e0 f\u00e9 e \u00e0 conviv\u00eancia na Pra\u00e7a da Cidadania.&nbsp;&nbsp;&nbsp;&nbsp;<\/p>\n","protected":false},"excerpt":{"rendered":"<p>A Pra\u00e7a da Cidadania, localizada na Praia do Forte, ser\u00e1 cen\u00e1rio de um grande encontro religioso nesta quinta-feira (30), a partir das 18h, em Cabo Frio. O evento \u201cProfetiza Cabo Frio\u201d deve reunir igrejas de diferentes denomina\u00e7\u00f5es, lideran\u00e7as religiosas e moradores em uma programa\u00e7\u00e3o voltada \u00e0 f\u00e9 e \u00e0 comunh\u00e3o. Com proposta interdenominacional, a iniciativa [&hellip;]<\/p>\n","protected":false},"author":2,"featured_media":32766,"comment_status":"open","ping_status":"open","sticky":false,"template":"","format":"standard","meta":{"footnotes":""},"categories":[340,2981],"tags":[],"class_list":["post-32764","post","type-post","status-publish","format-standard","has-post-thumbnail","hentry","category-cabo-frio","category-destaque-noticia-3"],"_links":{"self":[{"href":"https:\/\/blogdodanielgalvao.com.br\/site\/wp-json\/wp\/v2\/posts\/32764","targetHints":{"allow":["GET"]}}],"collection":[{"href":"https:\/\/blogdodanielgalvao.com.br\/site\/wp-json\/wp\/v2\/posts"}],"about":[{"href":"https:\/\/blogdodanielgalvao.com.br\/site\/wp-json\/wp\/v2\/types\/post"}],"author":[{"embeddable":true,"href":"https:\/\/blogdodanielgalvao.com.br\/site\/wp-json\/wp\/v2\/users\/2"}],"replies":[{"embeddable":true,"href":"https:\/\/blogdodanielgalvao.com.br\/site\/wp-json\/wp\/v2\/comments?post=32764"}],"version-history":[{"count":1,"href":"https:\/\/blogdodanielgalvao.com.br\/site\/wp-json\/wp\/v2\/posts\/32764\/revisions"}],"predecessor-version":[{"id":32767,"href":"https:\/\/blogdodanielgalvao.com.br\/site\/wp-json\/wp\/v2\/posts\/32764\/revisions\/32767"}],"wp:featuredmedia":[{"embeddable":true,"href":"https:\/\/blogdodanielgalvao.com.br\/site\/wp-json\/wp\/v2\/media\/32766"}],"wp:attachment":[{"href":"https:\/\/blogdodanielgalvao.com.br\/site\/wp-json\/wp\/v2\/media?parent=32764"}],"wp:term":[{"taxonomy":"category","embeddable":true,"href":"https:\/\/blogdodanielgalvao.com.br\/site\/wp-json\/wp\/v2\/categories?post=32764"},{"taxonomy":"post_tag","embeddable":true,"href":"https:\/\/blogdodanielgalvao.com.br\/site\/wp-json\/wp\/v2\/tags?post=32764"}],"curies":[{"name":"wp","href":"https:\/\/api.w.org\/{rel}","templated":true}]}}