{"id":32759,"date":"2026-04-29T11:30:44","date_gmt":"2026-04-29T14:30:44","guid":{"rendered":"https:\/\/blogdodanielgalvao.com.br\/site\/?p=32759"},"modified":"2026-04-29T11:30:51","modified_gmt":"2026-04-29T14:30:51","slug":"orca-e-flagrada-por-cinegrafista-em-busca-de-alimentos-nas-aguas-de-saquarema","status":"publish","type":"post","link":"https:\/\/blogdodanielgalvao.com.br\/site\/orca-e-flagrada-por-cinegrafista-em-busca-de-alimentos-nas-aguas-de-saquarema\/","title":{"rendered":"Orca \u00e9 flagrada por cinegrafista em busca de alimentos nas \u00e1guas de Saquarema"},"content":{"rendered":"\n<p>Um v\u00eddeo feito pelo cinegrafista Gabriel Sattler, do perfil Photo Saquarema, no Instagram, est\u00e1 ganhando o mundo, mostrando uma orca passeando pelas \u00e1guas da Praia de Ita\u00fana, famosa internacionalmente por sua rela\u00e7\u00e3o com o surfe.<\/p>\n\n\n\n<p>Nas imagens, \u00e9 poss\u00edvel ver o animal nadando livremente na ca\u00e7a de arraias-manteigas (Gymnura altavela), mostrando o movimento da esp\u00e9cie que tem aparecido no litoral fluminense com mais frequ\u00eancia desde o ano passado.<\/p>\n\n\n\n<p>Em outubro de 2025, um grupo de orcas, incluindo um filhote, foi registrado pelo ocean\u00f3grafo Tato Slerca pr\u00f3ximo \u00e0 costa carioca, na altura da Barra da Tijuca, no Rio, e em janeiro desse ano, uma dupla de orcas foi flagrada por banhistas na Praia de Itaipua\u00e7u, em Maric\u00e1.<\/p>\n\n\n\n<p>A presen\u00e7a dos mam\u00edferos no litoral fluminense estaria relacionada a rotas migrat\u00f3rias dos animais que v\u00eam de \u00e1reas mais frias em busca de alimentos, como peixes, lulas, e arraias-manteigas, como no caso de Saquarema.<\/p>\n\n\n\n<p>Nas redes sociais, Gabriel Sattler se deleitou com a presen\u00e7a da orca em seu bal\u00e9 aqu\u00e1tico de ca\u00e7a \u00e0s arraias, e exaltou a beleza das \u00e1guas de Saquarema, e cobrou o cr\u00e9dito das imagens, que v\u00eam ganhando o mundo.<\/p>\n\n\n\n<p>\u201cNatureza no seu estado mais bruto e lindo ao mesmo tempo. \u00c1gua clara, mar vivo e aquele momento que arrepia s\u00f3 de lembrar. Mais um registro que prova: o nosso litoral \u00e9 um espet\u00e1culo todos os dias\u201d, escreveu o cinegrafista, acrescentando que \u201cas imagens podem rodar o mundo, mas o respeito precisa vir junto. Pela Lei de Direitos Autorais (Lei n\u00ba 9.610\/98), toda obra tem dono, e o m\u00ednimo \u00e9 o cr\u00e9dito. Valorizar o profissional n\u00e3o custa nada. Ignorar isso pode custar caro\u201d.<\/p>\n","protected":false},"excerpt":{"rendered":"<p>Um v\u00eddeo feito pelo cinegrafista Gabriel Sattler, do perfil Photo Saquarema, no Instagram, est\u00e1 ganhando o mundo, mostrando uma orca passeando pelas \u00e1guas da Praia de Ita\u00fana, famosa internacionalmente por sua rela\u00e7\u00e3o com o surfe. Nas imagens, \u00e9 poss\u00edvel ver o animal nadando livremente na ca\u00e7a de arraias-manteigas (Gymnura altavela), mostrando o movimento da esp\u00e9cie [&hellip;]<\/p>\n","protected":false},"author":2,"featured_media":32761,"comment_status":"open","ping_status":"open","sticky":false,"template":"","format":"standard","meta":{"footnotes":""},"categories":[2983,1885],"tags":[],"class_list":["post-32759","post","type-post","status-publish","format-standard","has-post-thumbnail","hentry","category-destaque-noticia-5","category-saquarema"],"_links":{"self":[{"href":"https:\/\/blogdodanielgalvao.com.br\/site\/wp-json\/wp\/v2\/posts\/32759","targetHints":{"allow":["GET"]}}],"collection":[{"href":"https:\/\/blogdodanielgalvao.com.br\/site\/wp-json\/wp\/v2\/posts"}],"about":[{"href":"https:\/\/blogdodanielgalvao.com.br\/site\/wp-json\/wp\/v2\/types\/post"}],"author":[{"embeddable":true,"href":"https:\/\/blogdodanielgalvao.com.br\/site\/wp-json\/wp\/v2\/users\/2"}],"replies":[{"embeddable":true,"href":"https:\/\/blogdodanielgalvao.com.br\/site\/wp-json\/wp\/v2\/comments?post=32759"}],"version-history":[{"count":1,"href":"https:\/\/blogdodanielgalvao.com.br\/site\/wp-json\/wp\/v2\/posts\/32759\/revisions"}],"predecessor-version":[{"id":32763,"href":"https:\/\/blogdodanielgalvao.com.br\/site\/wp-json\/wp\/v2\/posts\/32759\/revisions\/32763"}],"wp:featuredmedia":[{"embeddable":true,"href":"https:\/\/blogdodanielgalvao.com.br\/site\/wp-json\/wp\/v2\/media\/32761"}],"wp:attachment":[{"href":"https:\/\/blogdodanielgalvao.com.br\/site\/wp-json\/wp\/v2\/media?parent=32759"}],"wp:term":[{"taxonomy":"category","embeddable":true,"href":"https:\/\/blogdodanielgalvao.com.br\/site\/wp-json\/wp\/v2\/categories?post=32759"},{"taxonomy":"post_tag","embeddable":true,"href":"https:\/\/blogdodanielgalvao.com.br\/site\/wp-json\/wp\/v2\/tags?post=32759"}],"curies":[{"name":"wp","href":"https:\/\/api.w.org\/{rel}","templated":true}]}}