{"id":32756,"date":"2026-04-29T11:25:22","date_gmt":"2026-04-29T14:25:22","guid":{"rendered":"https:\/\/blogdodanielgalvao.com.br\/site\/?p=32756"},"modified":"2026-04-29T11:25:28","modified_gmt":"2026-04-29T14:25:28","slug":"arraial-do-cabo-encanta-moradores-com-cardume-de-arraias-na-praia-grande","status":"publish","type":"post","link":"https:\/\/blogdodanielgalvao.com.br\/site\/arraial-do-cabo-encanta-moradores-com-cardume-de-arraias-na-praia-grande\/","title":{"rendered":"Arraial do Cabo encanta moradores com cardume de arraias na Praia Grande"},"content":{"rendered":"\n<p>Um verdadeiro espet\u00e1culo natural marcou a manh\u00e3 desta ter\u00e7a-feira (28) em Arraial do Cabo. Um cardume de arraias foi avistado em \u00e1guas rasas na Praia Grande, circulando muito pr\u00f3ximo \u00e0 faixa de areia e surpreendendo quem passava pelo local.<\/p>\n\n\n\n<p>A movimenta\u00e7\u00e3o dos animais rapidamente atraiu a aten\u00e7\u00e3o de moradores e turistas, que interromperam suas rotinas para observar a cena. Em meio \u00e0 \u00e1gua transparente, caracter\u00edstica marcante da regi\u00e3o, as arraias deslizavam de forma tranquila, criando um cen\u00e1rio incomum e hipnotizante.<\/p>\n\n\n\n<p>Reconhecida pela beleza de suas praias e pela biodiversidade marinha, Arraial do Cabo voltou a evidenciar por que ocupa posi\u00e7\u00e3o de destaque entre os destinos mais impressionantes do litoral brasileiro. Para muitos que testemunharam o momento, a paisagem parecia quase irreal de t\u00e3o exuberante.<\/p>\n\n\n\n<p>O aparecimento das arraias refor\u00e7a a rela\u00e7\u00e3o direta entre as condi\u00e7\u00f5es clim\u00e1ticas e a proximidade da vida marinha com a costa. Em dias de mar calmo e visibilidade elevada, como o desta manh\u00e3, \u00e9 mais comum que esp\u00e9cies se aproximem da faixa de areia.<\/p>\n\n\n\n<p>Quem esteve na Praia Grande teve a oportunidade de presenciar uma cena rara, daquelas que dificilmente se repetem com a mesma intensidade, um encontro direto com a natureza em seu estado mais puro.&nbsp;&nbsp;&nbsp;&nbsp;<\/p>\n","protected":false},"excerpt":{"rendered":"<p>Um verdadeiro espet\u00e1culo natural marcou a manh\u00e3 desta ter\u00e7a-feira (28) em Arraial do Cabo. Um cardume de arraias foi avistado em \u00e1guas rasas na Praia Grande, circulando muito pr\u00f3ximo \u00e0 faixa de areia e surpreendendo quem passava pelo local. A movimenta\u00e7\u00e3o dos animais rapidamente atraiu a aten\u00e7\u00e3o de moradores e turistas, que interromperam suas rotinas [&hellip;]<\/p>\n","protected":false},"author":2,"featured_media":32757,"comment_status":"open","ping_status":"open","sticky":false,"template":"","format":"standard","meta":{"footnotes":""},"categories":[838,2982],"tags":[],"class_list":["post-32756","post","type-post","status-publish","format-standard","has-post-thumbnail","hentry","category-arraial-do-cabo","category-destaque-noticia-4"],"_links":{"self":[{"href":"https:\/\/blogdodanielgalvao.com.br\/site\/wp-json\/wp\/v2\/posts\/32756","targetHints":{"allow":["GET"]}}],"collection":[{"href":"https:\/\/blogdodanielgalvao.com.br\/site\/wp-json\/wp\/v2\/posts"}],"about":[{"href":"https:\/\/blogdodanielgalvao.com.br\/site\/wp-json\/wp\/v2\/types\/post"}],"author":[{"embeddable":true,"href":"https:\/\/blogdodanielgalvao.com.br\/site\/wp-json\/wp\/v2\/users\/2"}],"replies":[{"embeddable":true,"href":"https:\/\/blogdodanielgalvao.com.br\/site\/wp-json\/wp\/v2\/comments?post=32756"}],"version-history":[{"count":1,"href":"https:\/\/blogdodanielgalvao.com.br\/site\/wp-json\/wp\/v2\/posts\/32756\/revisions"}],"predecessor-version":[{"id":32758,"href":"https:\/\/blogdodanielgalvao.com.br\/site\/wp-json\/wp\/v2\/posts\/32756\/revisions\/32758"}],"wp:featuredmedia":[{"embeddable":true,"href":"https:\/\/blogdodanielgalvao.com.br\/site\/wp-json\/wp\/v2\/media\/32757"}],"wp:attachment":[{"href":"https:\/\/blogdodanielgalvao.com.br\/site\/wp-json\/wp\/v2\/media?parent=32756"}],"wp:term":[{"taxonomy":"category","embeddable":true,"href":"https:\/\/blogdodanielgalvao.com.br\/site\/wp-json\/wp\/v2\/categories?post=32756"},{"taxonomy":"post_tag","embeddable":true,"href":"https:\/\/blogdodanielgalvao.com.br\/site\/wp-json\/wp\/v2\/tags?post=32756"}],"curies":[{"name":"wp","href":"https:\/\/api.w.org\/{rel}","templated":true}]}}