{"id":32747,"date":"2026-04-28T18:39:55","date_gmt":"2026-04-28T21:39:55","guid":{"rendered":"https:\/\/blogdodanielgalvao.com.br\/site\/?p=32747"},"modified":"2026-04-28T18:39:59","modified_gmt":"2026-04-28T21:39:59","slug":"inscricoes-para-editais-culturais-de-rio-das-ostras-terminam-nessa-quinta-30-de-abril","status":"publish","type":"post","link":"https:\/\/blogdodanielgalvao.com.br\/site\/inscricoes-para-editais-culturais-de-rio-das-ostras-terminam-nessa-quinta-30-de-abril\/","title":{"rendered":"Inscri\u00e7\u00f5es para editais culturais de Rio das Ostras terminam nessa quinta, 30 de abril"},"content":{"rendered":"\n<p>Termina nessa quinta-feira, 30 de abril, o prazo para as inscri\u00e7\u00f5es de projetos culturais nos 3 editais abertos da Funda\u00e7\u00e3o Rio das Ostras de Cultura (Froc), que somam mais de 1 milh\u00e3o de reais em recursos.<\/p>\n\n\n\n<p>O dinheiro vem da Pol\u00edtica Nacional Aldir Blanc de Fomento \u00e0 Cultura (PNAB) e da Pol\u00edcia Nacional de Cultura Viva (PNCV), ambos programas do governo federal que visam incentivar a produ\u00e7\u00e3o cultural em todo o pa\u00eds.<\/p>\n\n\n\n<p>As inscri\u00e7\u00f5es para os 3 editais culturais abertos podem ser feitas de forma gratuita atrav\u00e9s do site, https:\/\/editais.fundacaoriodasostrasdecultura.rj.gov.br\/, onde \u00e9 poss\u00edvel escolher entre Projetos Continuados, Projetos Culturais, e Coletivos e Grupos.<\/p>\n\n\n\n<p>Na 1\u00aa op\u00e7\u00e3o, que tem como objetivo garantir a sustentabilidade de a\u00e7\u00f5es que democratizam o acesso aos bens culturais no munic\u00edpio de forma cont\u00ednua, a premia\u00e7\u00e3o, no valor de R$ 141.263,60, ser\u00e1 destinada a apenas uma proposta.<\/p>\n\n\n\n<p>J\u00e1 na 2\u00aa op\u00e7\u00e3o, que premiar\u00e1 5 projetos com o valor de R$ 25.732,72, totalizando R$ 128.663,60, o objetivo \u00e9 reconhecer o hist\u00f3rico de atua\u00e7\u00e3o de grupos sem CNPJ, que tenham pelo menos 2 anos de trabalho comprovado na cidade.<\/p>\n\n\n\n<p>Por fim, a 3\u00aa op\u00e7\u00e3o selecionar\u00e1 33 propostas para execu\u00e7\u00e3o de projetos culturais em diversas modalidades e linguagens art\u00edsticas, conforme estabelecido no edital de Coletivos e Grupos, totalizando uma premia\u00e7\u00e3o somada de R$ 791.075,00.<\/p>\n\n\n\n<p>Para mais informa\u00e7\u00f5es sobre cada um dos editais, basta acessar o site da Froc, pelo link, https:\/\/transparencia.fundacaoriodasostrasdecultura.rj.gov.br\/cultura_editais.php, e conferir os requisitos e os documentos necess\u00e1rios de cada um.<\/p>\n","protected":false},"excerpt":{"rendered":"<p>Termina nessa quinta-feira, 30 de abril, o prazo para as inscri\u00e7\u00f5es de projetos culturais nos 3 editais abertos da Funda\u00e7\u00e3o Rio das Ostras de Cultura (Froc), que somam mais de 1 milh\u00e3o de reais em recursos. O dinheiro vem da Pol\u00edtica Nacional Aldir Blanc de Fomento \u00e0 Cultura (PNAB) e da Pol\u00edcia Nacional de Cultura [&hellip;]<\/p>\n","protected":false},"author":2,"featured_media":32748,"comment_status":"open","ping_status":"open","sticky":false,"template":"","format":"standard","meta":{"footnotes":""},"categories":[4],"tags":[3485],"class_list":["post-32747","post","type-post","status-publish","format-standard","has-post-thumbnail","hentry","category-rio-das-ostras","tag-editais-de-cultura-de-rio-das-ostras"],"_links":{"self":[{"href":"https:\/\/blogdodanielgalvao.com.br\/site\/wp-json\/wp\/v2\/posts\/32747","targetHints":{"allow":["GET"]}}],"collection":[{"href":"https:\/\/blogdodanielgalvao.com.br\/site\/wp-json\/wp\/v2\/posts"}],"about":[{"href":"https:\/\/blogdodanielgalvao.com.br\/site\/wp-json\/wp\/v2\/types\/post"}],"author":[{"embeddable":true,"href":"https:\/\/blogdodanielgalvao.com.br\/site\/wp-json\/wp\/v2\/users\/2"}],"replies":[{"embeddable":true,"href":"https:\/\/blogdodanielgalvao.com.br\/site\/wp-json\/wp\/v2\/comments?post=32747"}],"version-history":[{"count":1,"href":"https:\/\/blogdodanielgalvao.com.br\/site\/wp-json\/wp\/v2\/posts\/32747\/revisions"}],"predecessor-version":[{"id":32749,"href":"https:\/\/blogdodanielgalvao.com.br\/site\/wp-json\/wp\/v2\/posts\/32747\/revisions\/32749"}],"wp:featuredmedia":[{"embeddable":true,"href":"https:\/\/blogdodanielgalvao.com.br\/site\/wp-json\/wp\/v2\/media\/32748"}],"wp:attachment":[{"href":"https:\/\/blogdodanielgalvao.com.br\/site\/wp-json\/wp\/v2\/media?parent=32747"}],"wp:term":[{"taxonomy":"category","embeddable":true,"href":"https:\/\/blogdodanielgalvao.com.br\/site\/wp-json\/wp\/v2\/categories?post=32747"},{"taxonomy":"post_tag","embeddable":true,"href":"https:\/\/blogdodanielgalvao.com.br\/site\/wp-json\/wp\/v2\/tags?post=32747"}],"curies":[{"name":"wp","href":"https:\/\/api.w.org\/{rel}","templated":true}]}}