{"id":32738,"date":"2026-04-28T17:39:58","date_gmt":"2026-04-28T20:39:58","guid":{"rendered":"https:\/\/blogdodanielgalvao.com.br\/site\/?p=32738"},"modified":"2026-04-28T17:40:04","modified_gmt":"2026-04-28T20:40:04","slug":"arraial-do-cabo-aposta-em-educacao-ambiental-com-criacao-de-bombas-de-sementes-por-estudantes","status":"publish","type":"post","link":"https:\/\/blogdodanielgalvao.com.br\/site\/arraial-do-cabo-aposta-em-educacao-ambiental-com-criacao-de-bombas-de-sementes-por-estudantes\/","title":{"rendered":"Arraial do Cabo aposta em educa\u00e7\u00e3o ambiental com cria\u00e7\u00e3o de bombas de sementes por estudantes"},"content":{"rendered":"\n<p>Estudantes do CIEP 147, em Arraial do Cabo, participaram nesta ter\u00e7a-feira (28) de uma atividade pr\u00e1tica voltada \u00e0 recupera\u00e7\u00e3o ambiental da restinga. A a\u00e7\u00e3o integrou o projeto Sementes do Amanh\u00e3 e foi realizada na sede das Unidades de Conserva\u00e7\u00e3o, na Rebeche.<\/p>\n\n\n\n<p>Durante a oficina, os alunos substitu\u00edram os materiais escolares por argila, h\u00famus e fertilizantes para confeccionar as chamadas \u201cbombas de sementes\u201d. As pequenas estruturas, moldadas manualmente \u2014 algumas at\u00e9 em formatos criativos \u2014 funcionam como uma camada protetora, garantindo melhores condi\u00e7\u00f5es para a germina\u00e7\u00e3o.<\/p>\n\n\n\n<p>Cada unidade produzida re\u00fane sementes de esp\u00e9cies nativas e adaptadas ao ecossistema local, como cl\u00fasia, ara\u00e7\u00e1, cacto cabe\u00e7a-de-frade, feij\u00e3o-bravo, aroeira e orqu\u00eddea-sumar\u00e9, contribuindo diretamente para a preserva\u00e7\u00e3o da biodiversidade.<\/p>\n\n\n\n<p>A atividade contou com a orienta\u00e7\u00e3o de educadoras ambientais e foi resultado de uma articula\u00e7\u00e3o entre as Secretarias de Ambiente e Saneamento e de Educa\u00e7\u00e3o, por meio da \u00e1rea de educa\u00e7\u00e3o ambiental. A proposta refor\u00e7a o papel da escola na forma\u00e7\u00e3o de consci\u00eancia ecol\u00f3gica com impacto al\u00e9m da sala de aula.<\/p>\n\n\n\n<p>As bombas de sementes ser\u00e3o posteriormente lan\u00e7adas em \u00e1reas degradadas da restinga, dando in\u00edcio a um processo natural de regenera\u00e7\u00e3o da vegeta\u00e7\u00e3o nativa.&nbsp;&nbsp;&nbsp;&nbsp;<\/p>\n","protected":false},"excerpt":{"rendered":"<p>Estudantes do CIEP 147, em Arraial do Cabo, participaram nesta ter\u00e7a-feira (28) de uma atividade pr\u00e1tica voltada \u00e0 recupera\u00e7\u00e3o ambiental da restinga. A a\u00e7\u00e3o integrou o projeto Sementes do Amanh\u00e3 e foi realizada na sede das Unidades de Conserva\u00e7\u00e3o, na Rebeche. Durante a oficina, os alunos substitu\u00edram os materiais escolares por argila, h\u00famus e fertilizantes [&hellip;]<\/p>\n","protected":false},"author":2,"featured_media":32739,"comment_status":"open","ping_status":"open","sticky":false,"template":"","format":"standard","meta":{"footnotes":""},"categories":[838],"tags":[],"class_list":["post-32738","post","type-post","status-publish","format-standard","has-post-thumbnail","hentry","category-arraial-do-cabo"],"_links":{"self":[{"href":"https:\/\/blogdodanielgalvao.com.br\/site\/wp-json\/wp\/v2\/posts\/32738","targetHints":{"allow":["GET"]}}],"collection":[{"href":"https:\/\/blogdodanielgalvao.com.br\/site\/wp-json\/wp\/v2\/posts"}],"about":[{"href":"https:\/\/blogdodanielgalvao.com.br\/site\/wp-json\/wp\/v2\/types\/post"}],"author":[{"embeddable":true,"href":"https:\/\/blogdodanielgalvao.com.br\/site\/wp-json\/wp\/v2\/users\/2"}],"replies":[{"embeddable":true,"href":"https:\/\/blogdodanielgalvao.com.br\/site\/wp-json\/wp\/v2\/comments?post=32738"}],"version-history":[{"count":1,"href":"https:\/\/blogdodanielgalvao.com.br\/site\/wp-json\/wp\/v2\/posts\/32738\/revisions"}],"predecessor-version":[{"id":32740,"href":"https:\/\/blogdodanielgalvao.com.br\/site\/wp-json\/wp\/v2\/posts\/32738\/revisions\/32740"}],"wp:featuredmedia":[{"embeddable":true,"href":"https:\/\/blogdodanielgalvao.com.br\/site\/wp-json\/wp\/v2\/media\/32739"}],"wp:attachment":[{"href":"https:\/\/blogdodanielgalvao.com.br\/site\/wp-json\/wp\/v2\/media?parent=32738"}],"wp:term":[{"taxonomy":"category","embeddable":true,"href":"https:\/\/blogdodanielgalvao.com.br\/site\/wp-json\/wp\/v2\/categories?post=32738"},{"taxonomy":"post_tag","embeddable":true,"href":"https:\/\/blogdodanielgalvao.com.br\/site\/wp-json\/wp\/v2\/tags?post=32738"}],"curies":[{"name":"wp","href":"https:\/\/api.w.org\/{rel}","templated":true}]}}