{"id":32735,"date":"2026-04-28T17:36:47","date_gmt":"2026-04-28T20:36:47","guid":{"rendered":"https:\/\/blogdodanielgalvao.com.br\/site\/?p=32735"},"modified":"2026-04-28T17:36:52","modified_gmt":"2026-04-28T20:36:52","slug":"jardim-esperanca-avanca-na-modernizacao-do-hospital-otime-cardoso-dos-santos-com-obras-por-etapas","status":"publish","type":"post","link":"https:\/\/blogdodanielgalvao.com.br\/site\/jardim-esperanca-avanca-na-modernizacao-do-hospital-otime-cardoso-dos-santos-com-obras-por-etapas\/","title":{"rendered":"Jardim Esperan\u00e7a avan\u00e7a na moderniza\u00e7\u00e3o do Hospital Otime Cardoso dos Santos com obras por etapas"},"content":{"rendered":"\n<p>Ap\u00f3s a entrega do segundo andar do Hospital Otime Cardoso dos Santos com melhorias estruturais, a unidade entra agora em uma nova etapa de requalifica\u00e7\u00e3o. As interven\u00e7\u00f5es avan\u00e7am para o primeiro andar, com foco inicial no ambulat\u00f3rio.<\/p>\n\n\n\n<p>O espa\u00e7o passa por uma reformula\u00e7\u00e3o completa, que inclui substitui\u00e7\u00e3o do telhado, moderniza\u00e7\u00e3o da rede el\u00e9trica, implanta\u00e7\u00e3o de usina de oxig\u00eanio, climatiza\u00e7\u00e3o e renova\u00e7\u00e3o integral dos consult\u00f3rios. As mudan\u00e7as visam ampliar a capacidade de atendimento e garantir melhores condi\u00e7\u00f5es para pacientes e profissionais.<\/p>\n\n\n\n<p>Um dos pontos centrais da obra \u00e9 a execu\u00e7\u00e3o por etapas, estrat\u00e9gia adotada para evitar a interrup\u00e7\u00e3o dos servi\u00e7os de sa\u00fade prestados \u00e0 popula\u00e7\u00e3o. Com isso, o funcionamento da unidade \u00e9 mantido durante todo o processo.<\/p>\n\n\n\n<p>Na sequ\u00eancia, as interven\u00e7\u00f5es devem alcan\u00e7ar o setor de pronto-socorro, dando continuidade ao plano de reestrutura\u00e7\u00e3o do hospital. A proposta, segundo a gest\u00e3o, \u00e9 priorizar as melhorias internas e estruturais antes de qualquer interven\u00e7\u00e3o est\u00e9tica.<\/p>\n\n\n\n<p>A reforma busca corrigir uma defasagem hist\u00f3rica na unidade, acumulada ao longo de mais de uma d\u00e9cada, com a proposta de entregar um equipamento de sa\u00fade mais moderno e funcional para os moradores do Jardim Esperan\u00e7a.&nbsp;&nbsp;&nbsp;&nbsp;<\/p>\n","protected":false},"excerpt":{"rendered":"<p>Ap\u00f3s a entrega do segundo andar do Hospital Otime Cardoso dos Santos com melhorias estruturais, a unidade entra agora em uma nova etapa de requalifica\u00e7\u00e3o. As interven\u00e7\u00f5es avan\u00e7am para o primeiro andar, com foco inicial no ambulat\u00f3rio. O espa\u00e7o passa por uma reformula\u00e7\u00e3o completa, que inclui substitui\u00e7\u00e3o do telhado, moderniza\u00e7\u00e3o da rede el\u00e9trica, implanta\u00e7\u00e3o de [&hellip;]<\/p>\n","protected":false},"author":2,"featured_media":32736,"comment_status":"open","ping_status":"open","sticky":false,"template":"","format":"standard","meta":{"footnotes":""},"categories":[340,2978],"tags":[],"class_list":["post-32735","post","type-post","status-publish","format-standard","has-post-thumbnail","hentry","category-cabo-frio","category-destaques-topo"],"_links":{"self":[{"href":"https:\/\/blogdodanielgalvao.com.br\/site\/wp-json\/wp\/v2\/posts\/32735","targetHints":{"allow":["GET"]}}],"collection":[{"href":"https:\/\/blogdodanielgalvao.com.br\/site\/wp-json\/wp\/v2\/posts"}],"about":[{"href":"https:\/\/blogdodanielgalvao.com.br\/site\/wp-json\/wp\/v2\/types\/post"}],"author":[{"embeddable":true,"href":"https:\/\/blogdodanielgalvao.com.br\/site\/wp-json\/wp\/v2\/users\/2"}],"replies":[{"embeddable":true,"href":"https:\/\/blogdodanielgalvao.com.br\/site\/wp-json\/wp\/v2\/comments?post=32735"}],"version-history":[{"count":1,"href":"https:\/\/blogdodanielgalvao.com.br\/site\/wp-json\/wp\/v2\/posts\/32735\/revisions"}],"predecessor-version":[{"id":32737,"href":"https:\/\/blogdodanielgalvao.com.br\/site\/wp-json\/wp\/v2\/posts\/32735\/revisions\/32737"}],"wp:featuredmedia":[{"embeddable":true,"href":"https:\/\/blogdodanielgalvao.com.br\/site\/wp-json\/wp\/v2\/media\/32736"}],"wp:attachment":[{"href":"https:\/\/blogdodanielgalvao.com.br\/site\/wp-json\/wp\/v2\/media?parent=32735"}],"wp:term":[{"taxonomy":"category","embeddable":true,"href":"https:\/\/blogdodanielgalvao.com.br\/site\/wp-json\/wp\/v2\/categories?post=32735"},{"taxonomy":"post_tag","embeddable":true,"href":"https:\/\/blogdodanielgalvao.com.br\/site\/wp-json\/wp\/v2\/tags?post=32735"}],"curies":[{"name":"wp","href":"https:\/\/api.w.org\/{rel}","templated":true}]}}