{"id":32732,"date":"2026-04-28T17:33:57","date_gmt":"2026-04-28T20:33:57","guid":{"rendered":"https:\/\/blogdodanielgalvao.com.br\/site\/?p=32732"},"modified":"2026-04-28T17:34:02","modified_gmt":"2026-04-28T20:34:02","slug":"fiscalizacao-apreende-equipamentos-de-som-apos-denuncias-na-praia-grande-em-arraial-do-cabo","status":"publish","type":"post","link":"https:\/\/blogdodanielgalvao.com.br\/site\/fiscalizacao-apreende-equipamentos-de-som-apos-denuncias-na-praia-grande-em-arraial-do-cabo\/","title":{"rendered":"Fiscaliza\u00e7\u00e3o apreende equipamentos de som ap\u00f3s den\u00fancias na Praia Grande em Arraial do Cabo"},"content":{"rendered":"\n<p>A Secretaria de Ordem P\u00fablica, Posturas e Fiscaliza\u00e7\u00e3o de Arraial do Cabo realizou, na tarde e in\u00edcio da noite de sexta-feira (24), uma s\u00e9rie de a\u00e7\u00f5es ap\u00f3s receber den\u00fancias de moradores da Praia Grande sobre perturba\u00e7\u00e3o do sossego.<\/p>\n\n\n\n<p>Segundo o \u00f3rg\u00e3o, foram registradas tr\u00eas ocorr\u00eancias em diferentes pontos da regi\u00e3o. Em duas delas, equipes identificaram o uso irregular de equipamentos de som associados a estabelecimentos comerciais, causando inc\u00f4modo \u00e0 vizinhan\u00e7a.<\/p>\n\n\n\n<p>Diante das irregularidades, os aparelhos foram apreendidos com base na Lei Municipal n\u00ba 1.450\/2005, que estabelece o C\u00f3digo de Posturas do munic\u00edpio.<\/p>\n\n\n\n<p>A secretaria refor\u00e7a que a utiliza\u00e7\u00e3o de amplificadores sonoros em espa\u00e7os p\u00fablicos sem autoriza\u00e7\u00e3o \u00e9 proibida. Para promover atividades de entretenimento, os estabelecimentos devem seguir integralmente as regras previstas na legisla\u00e7\u00e3o.<\/p>\n\n\n\n<p>Al\u00e9m disso, a pasta alerta que a perturba\u00e7\u00e3o do sossego em \u00e1reas residenciais pode resultar em penalidades, incluindo aplica\u00e7\u00e3o de multa.<\/p>\n\n\n\n<p>Moradores podem encaminhar den\u00fancias relacionadas ao ordenamento urbano por meio do WhatsApp disponibilizado pela secretaria: (22) 99705-5026.&nbsp;&nbsp;&nbsp;&nbsp;&nbsp;<\/p>\n","protected":false},"excerpt":{"rendered":"<p>A Secretaria de Ordem P\u00fablica, Posturas e Fiscaliza\u00e7\u00e3o de Arraial do Cabo realizou, na tarde e in\u00edcio da noite de sexta-feira (24), uma s\u00e9rie de a\u00e7\u00f5es ap\u00f3s receber den\u00fancias de moradores da Praia Grande sobre perturba\u00e7\u00e3o do sossego. Segundo o \u00f3rg\u00e3o, foram registradas tr\u00eas ocorr\u00eancias em diferentes pontos da regi\u00e3o. Em duas delas, equipes identificaram [&hellip;]<\/p>\n","protected":false},"author":2,"featured_media":32733,"comment_status":"open","ping_status":"open","sticky":false,"template":"","format":"standard","meta":{"footnotes":""},"categories":[838],"tags":[],"class_list":["post-32732","post","type-post","status-publish","format-standard","has-post-thumbnail","hentry","category-arraial-do-cabo"],"_links":{"self":[{"href":"https:\/\/blogdodanielgalvao.com.br\/site\/wp-json\/wp\/v2\/posts\/32732","targetHints":{"allow":["GET"]}}],"collection":[{"href":"https:\/\/blogdodanielgalvao.com.br\/site\/wp-json\/wp\/v2\/posts"}],"about":[{"href":"https:\/\/blogdodanielgalvao.com.br\/site\/wp-json\/wp\/v2\/types\/post"}],"author":[{"embeddable":true,"href":"https:\/\/blogdodanielgalvao.com.br\/site\/wp-json\/wp\/v2\/users\/2"}],"replies":[{"embeddable":true,"href":"https:\/\/blogdodanielgalvao.com.br\/site\/wp-json\/wp\/v2\/comments?post=32732"}],"version-history":[{"count":1,"href":"https:\/\/blogdodanielgalvao.com.br\/site\/wp-json\/wp\/v2\/posts\/32732\/revisions"}],"predecessor-version":[{"id":32734,"href":"https:\/\/blogdodanielgalvao.com.br\/site\/wp-json\/wp\/v2\/posts\/32732\/revisions\/32734"}],"wp:featuredmedia":[{"embeddable":true,"href":"https:\/\/blogdodanielgalvao.com.br\/site\/wp-json\/wp\/v2\/media\/32733"}],"wp:attachment":[{"href":"https:\/\/blogdodanielgalvao.com.br\/site\/wp-json\/wp\/v2\/media?parent=32732"}],"wp:term":[{"taxonomy":"category","embeddable":true,"href":"https:\/\/blogdodanielgalvao.com.br\/site\/wp-json\/wp\/v2\/categories?post=32732"},{"taxonomy":"post_tag","embeddable":true,"href":"https:\/\/blogdodanielgalvao.com.br\/site\/wp-json\/wp\/v2\/tags?post=32732"}],"curies":[{"name":"wp","href":"https:\/\/api.w.org\/{rel}","templated":true}]}}