{"id":32729,"date":"2026-04-28T17:31:09","date_gmt":"2026-04-28T20:31:09","guid":{"rendered":"https:\/\/blogdodanielgalvao.com.br\/site\/?p=32729"},"modified":"2026-04-28T17:31:13","modified_gmt":"2026-04-28T20:31:13","slug":"monte-alto-recebe-a-praca-e-delas-com-servicos-gratuitos-em-arraial-com-apoio-as-mulheres","status":"publish","type":"post","link":"https:\/\/blogdodanielgalvao.com.br\/site\/monte-alto-recebe-a-praca-e-delas-com-servicos-gratuitos-em-arraial-com-apoio-as-mulheres\/","title":{"rendered":"Monte Alto recebe \u201cA pra\u00e7a \u00e9 delas\u201d com servi\u00e7os gratuitos em Arraial com apoio \u00e0s mulheres"},"content":{"rendered":"\n<p>O distrito de Monte Alto, em Arraial do Cabo, ser\u00e1 palco no dia 30 de abril da a\u00e7\u00e3o \u201cA pra\u00e7a \u00e9 delas\u201d, que contar\u00e1 com a presen\u00e7a do \u00d4nibus Lil\u00e1s. A programa\u00e7\u00e3o acontece das 10h \u00e0s 15h, na Pra\u00e7a Principal, com oferta de atendimentos gratuitos e acolhimento \u00e0 popula\u00e7\u00e3o.<\/p>\n\n\n\n<p>A iniciativa tem como foco principal o apoio a mulheres em situa\u00e7\u00e3o de viol\u00eancia, oferecendo orienta\u00e7\u00e3o social, psicol\u00f3gica e jur\u00eddica. A proposta \u00e9 facilitar o acesso \u00e0 informa\u00e7\u00e3o, fortalecer a rede de prote\u00e7\u00e3o e ampliar o suporte \u00e0s v\u00edtimas por meio de um atendimento humanizado e integrado.<\/p>\n\n\n\n<p>O evento re\u00fane institui\u00e7\u00f5es como Detran, Defensoria P\u00fablica, OAB e Funda\u00e7\u00e3o Le\u00e3o XIII, ampliando o leque de servi\u00e7os essenciais dispon\u00edveis no local.<\/p>\n\n\n\n<p>A Secretaria de Desenvolvimento Social, Trabalho, Renda e Direitos Humanos tamb\u00e9m participar\u00e1 com atendimentos do Cadastro \u00danico, orienta\u00e7\u00f5es sobre sub-registro, Servi\u00e7o de Conviv\u00eancia e informa\u00e7\u00f5es sobre oportunidades de trabalho e gera\u00e7\u00e3o de renda.<\/p>\n\n\n\n<p>Na \u00e1rea da sa\u00fade, ser\u00e3o oferecidos servi\u00e7os como aferi\u00e7\u00e3o de press\u00e3o arterial, teste de glicemia, atendimentos voltados \u00e0 sa\u00fade da mulher e do idoso, al\u00e9m de orienta\u00e7\u00f5es odontol\u00f3gicas com distribui\u00e7\u00e3o de kit de higiene bucal.<\/p>\n\n\n\n<p>O CREAS marcar\u00e1 presen\u00e7a com orienta\u00e7\u00f5es t\u00e9cnicas e acompanhamento especializado. A a\u00e7\u00e3o busca promover cidadania, garantir direitos e aproximar os servi\u00e7os p\u00fablicos da comunidade.<\/p>\n\n\n\n<p>A participa\u00e7\u00e3o \u00e9 aberta a todos os moradores.&nbsp;&nbsp;&nbsp;<\/p>\n","protected":false},"excerpt":{"rendered":"<p>O distrito de Monte Alto, em Arraial do Cabo, ser\u00e1 palco no dia 30 de abril da a\u00e7\u00e3o \u201cA pra\u00e7a \u00e9 delas\u201d, que contar\u00e1 com a presen\u00e7a do \u00d4nibus Lil\u00e1s. A programa\u00e7\u00e3o acontece das 10h \u00e0s 15h, na Pra\u00e7a Principal, com oferta de atendimentos gratuitos e acolhimento \u00e0 popula\u00e7\u00e3o. A iniciativa tem como foco principal [&hellip;]<\/p>\n","protected":false},"author":2,"featured_media":32730,"comment_status":"open","ping_status":"open","sticky":false,"template":"","format":"standard","meta":{"footnotes":""},"categories":[838,2981],"tags":[],"class_list":["post-32729","post","type-post","status-publish","format-standard","has-post-thumbnail","hentry","category-arraial-do-cabo","category-destaque-noticia-3"],"_links":{"self":[{"href":"https:\/\/blogdodanielgalvao.com.br\/site\/wp-json\/wp\/v2\/posts\/32729","targetHints":{"allow":["GET"]}}],"collection":[{"href":"https:\/\/blogdodanielgalvao.com.br\/site\/wp-json\/wp\/v2\/posts"}],"about":[{"href":"https:\/\/blogdodanielgalvao.com.br\/site\/wp-json\/wp\/v2\/types\/post"}],"author":[{"embeddable":true,"href":"https:\/\/blogdodanielgalvao.com.br\/site\/wp-json\/wp\/v2\/users\/2"}],"replies":[{"embeddable":true,"href":"https:\/\/blogdodanielgalvao.com.br\/site\/wp-json\/wp\/v2\/comments?post=32729"}],"version-history":[{"count":1,"href":"https:\/\/blogdodanielgalvao.com.br\/site\/wp-json\/wp\/v2\/posts\/32729\/revisions"}],"predecessor-version":[{"id":32731,"href":"https:\/\/blogdodanielgalvao.com.br\/site\/wp-json\/wp\/v2\/posts\/32729\/revisions\/32731"}],"wp:featuredmedia":[{"embeddable":true,"href":"https:\/\/blogdodanielgalvao.com.br\/site\/wp-json\/wp\/v2\/media\/32730"}],"wp:attachment":[{"href":"https:\/\/blogdodanielgalvao.com.br\/site\/wp-json\/wp\/v2\/media?parent=32729"}],"wp:term":[{"taxonomy":"category","embeddable":true,"href":"https:\/\/blogdodanielgalvao.com.br\/site\/wp-json\/wp\/v2\/categories?post=32729"},{"taxonomy":"post_tag","embeddable":true,"href":"https:\/\/blogdodanielgalvao.com.br\/site\/wp-json\/wp\/v2\/tags?post=32729"}],"curies":[{"name":"wp","href":"https:\/\/api.w.org\/{rel}","templated":true}]}}