{"id":32723,"date":"2026-04-28T17:21:44","date_gmt":"2026-04-28T20:21:44","guid":{"rendered":"https:\/\/blogdodanielgalvao.com.br\/site\/?p=32723"},"modified":"2026-04-28T17:21:47","modified_gmt":"2026-04-28T20:21:47","slug":"cabo-frio-registra-mais-de-300-acoes-de-seguranca-durante-feriados-prolongados","status":"publish","type":"post","link":"https:\/\/blogdodanielgalvao.com.br\/site\/cabo-frio-registra-mais-de-300-acoes-de-seguranca-durante-feriados-prolongados\/","title":{"rendered":"Cabo Frio registra mais de 300 a\u00e7\u00f5es de seguran\u00e7a durante feriados prolongados"},"content":{"rendered":"\n<p>A Prefeitura de Cabo Frio apresentou o balan\u00e7o das a\u00e7\u00f5es realizadas entre os dias 18 e 26 de abril, per\u00edodo marcado pelos feriados de Tiradentes e S\u00e3o Jorge. As opera\u00e7\u00f5es mobilizaram equipes da Guarda Civil Municipal, Defesa Civil e da Secretaria Adjunta de Licenciamento e Fiscaliza\u00e7\u00e3o, com foco na seguran\u00e7a preventiva e na organiza\u00e7\u00e3o urbana.<\/p>\n\n\n\n<p>Durante o per\u00edodo, a Guarda Civil Municipal intensificou a presen\u00e7a em pontos estrat\u00e9gicos, somando 301 a\u00e7\u00f5es preventivas. Desse total, 217 ocorreram em \u00e1reas de grande circula\u00e7\u00e3o e 84 voltadas ao combate \u00e0 flanelagem. Tamb\u00e9m foram realizadas sete opera\u00e7\u00f5es conjuntas com outros \u00f3rg\u00e3os, incluindo fiscaliza\u00e7\u00f5es nas praias e apoio a equipes da Assist\u00eancia Social.<\/p>\n\n\n\n<p>Ao longo dos dias, foram contabilizadas 39 ocorr\u00eancias. Entre elas, destacam-se 21 atendimentos de aux\u00edlio ao cidad\u00e3o, oito media\u00e7\u00f5es de conflitos e quatro resgates de animais. Tamb\u00e9m houve registros envolvendo som alto, furtos, dire\u00e7\u00e3o sob efeito de \u00e1lcool e acampamentos irregulares.<\/p>\n\n\n\n<p>No atendimento a casos previstos na Lei Maria da Penha, quatro ocorr\u00eancias foram registradas. As v\u00edtimas receberam encaminhamento para o Instituto M\u00e9dico Legal para exames e, posteriormente, foram direcionadas a locais seguros.<\/p>\n\n\n\n<p>As equipes realizaram tr\u00eas pris\u00f5es relacionadas a furto, exerc\u00edcio irregular de profiss\u00e3o e condu\u00e7\u00e3o sob influ\u00eancia de \u00e1lcool. Ao todo, 13 pessoas foram levadas \u00e0 delegacia, a maioria por atua\u00e7\u00e3o como flanelinhas.<\/p>\n\n\n\n<p>As a\u00e7\u00f5es de ordenamento inclu\u00edram 32 abordagens a guardadores irregulares de ve\u00edculos e a remo\u00e7\u00e3o de 31 autom\u00f3veis. Como medida preventiva, foram distribu\u00eddas 1.721 pulseiras de identifica\u00e7\u00e3o, permitindo a localiza\u00e7\u00e3o e devolu\u00e7\u00e3o de 35 crian\u00e7as e cinco idosos aos respons\u00e1veis.<\/p>\n\n\n\n<p>A Defesa Civil atuou em conjunto com a fiscaliza\u00e7\u00e3o em vistorias preventivas em carrinhos que utilizam g\u00e1s liquefeito de petr\u00f3leo nas praias do Forte, Foguete, Per\u00f3 e Conchas. Foram inspecionados 39 equipamentos, com cinco casos de vazamento identificados. Outros quatro carrinhos, sem licen\u00e7a ou fora das normas de seguran\u00e7a, foram retirados de circula\u00e7\u00e3o.<\/p>\n\n\n\n<p>A Secretaria Adjunta de Licenciamento e Fiscaliza\u00e7\u00e3o registrou 40 notifica\u00e7\u00f5es e 23 apreens\u00f5es, totalizando 63 a\u00e7\u00f5es. Entre os materiais recolhidos estavam alimentos, carrinhos irregulares e itens utilizados de forma inadequada no espa\u00e7o p\u00fablico.<\/p>\n\n\n\n<p>Na compara\u00e7\u00e3o com o mesmo per\u00edodo do ano anterior, o munic\u00edpio registrou queda de 43% nas notifica\u00e7\u00f5es e de 51% no total de a\u00e7\u00f5es fiscais, resultado atribu\u00eddo ao trabalho cont\u00ednuo de orienta\u00e7\u00e3o e fiscaliza\u00e7\u00e3o.<\/p>\n\n\n\n<p>A Prefeitura informou que o patrulhamento seguir\u00e1 refor\u00e7ado, com apoio de c\u00e2meras de monitoramento, drones e uma central m\u00f3vel equipada com reconhecimento facial, capaz de identificar foragidos da Justi\u00e7a e ve\u00edculos com registro de roubo ou furto.<\/p>\n\n\n\n<p>A atua\u00e7\u00e3o integrada ser\u00e1 mantida no feriado prolongado do Dia do Trabalhador, com foco na seguran\u00e7a, organiza\u00e7\u00e3o urbana e controle dos espa\u00e7os p\u00fablicos.&nbsp;&nbsp;&nbsp;&nbsp;<\/p>\n","protected":false},"excerpt":{"rendered":"<p>A Prefeitura de Cabo Frio apresentou o balan\u00e7o das a\u00e7\u00f5es realizadas entre os dias 18 e 26 de abril, per\u00edodo marcado pelos feriados de Tiradentes e S\u00e3o Jorge. As opera\u00e7\u00f5es mobilizaram equipes da Guarda Civil Municipal, Defesa Civil e da Secretaria Adjunta de Licenciamento e Fiscaliza\u00e7\u00e3o, com foco na seguran\u00e7a preventiva e na organiza\u00e7\u00e3o urbana. [&hellip;]<\/p>\n","protected":false},"author":2,"featured_media":32725,"comment_status":"open","ping_status":"open","sticky":false,"template":"","format":"standard","meta":{"footnotes":""},"categories":[340],"tags":[],"class_list":["post-32723","post","type-post","status-publish","format-standard","has-post-thumbnail","hentry","category-cabo-frio"],"_links":{"self":[{"href":"https:\/\/blogdodanielgalvao.com.br\/site\/wp-json\/wp\/v2\/posts\/32723","targetHints":{"allow":["GET"]}}],"collection":[{"href":"https:\/\/blogdodanielgalvao.com.br\/site\/wp-json\/wp\/v2\/posts"}],"about":[{"href":"https:\/\/blogdodanielgalvao.com.br\/site\/wp-json\/wp\/v2\/types\/post"}],"author":[{"embeddable":true,"href":"https:\/\/blogdodanielgalvao.com.br\/site\/wp-json\/wp\/v2\/users\/2"}],"replies":[{"embeddable":true,"href":"https:\/\/blogdodanielgalvao.com.br\/site\/wp-json\/wp\/v2\/comments?post=32723"}],"version-history":[{"count":1,"href":"https:\/\/blogdodanielgalvao.com.br\/site\/wp-json\/wp\/v2\/posts\/32723\/revisions"}],"predecessor-version":[{"id":32728,"href":"https:\/\/blogdodanielgalvao.com.br\/site\/wp-json\/wp\/v2\/posts\/32723\/revisions\/32728"}],"wp:featuredmedia":[{"embeddable":true,"href":"https:\/\/blogdodanielgalvao.com.br\/site\/wp-json\/wp\/v2\/media\/32725"}],"wp:attachment":[{"href":"https:\/\/blogdodanielgalvao.com.br\/site\/wp-json\/wp\/v2\/media?parent=32723"}],"wp:term":[{"taxonomy":"category","embeddable":true,"href":"https:\/\/blogdodanielgalvao.com.br\/site\/wp-json\/wp\/v2\/categories?post=32723"},{"taxonomy":"post_tag","embeddable":true,"href":"https:\/\/blogdodanielgalvao.com.br\/site\/wp-json\/wp\/v2\/tags?post=32723"}],"curies":[{"name":"wp","href":"https:\/\/api.w.org\/{rel}","templated":true}]}}