{"id":32722,"date":"2026-04-28T17:20:44","date_gmt":"2026-04-28T20:20:44","guid":{"rendered":"https:\/\/blogdodanielgalvao.com.br\/site\/?p=32722"},"modified":"2026-04-28T17:20:50","modified_gmt":"2026-04-28T20:20:50","slug":"parceria-com-o-governo-do-estado-transforma-importante-via-em-rio-das-ostras","status":"publish","type":"post","link":"https:\/\/blogdodanielgalvao.com.br\/site\/parceria-com-o-governo-do-estado-transforma-importante-via-em-rio-das-ostras\/","title":{"rendered":"Parceria com o Governo do Estado transforma importante via em Rio das Ostras"},"content":{"rendered":"\n<p>O prefeito de Rio das Ostras, Carlos Augusto (PL), comemorou, nessa segunda-feira, 27, a conclus\u00e3o da 1\u00aa fase das obras de revitaliza\u00e7\u00e3o da Rodovia Engenheiro Luiz Gonzaga Quirino Tannus, mais conhecida como Rodovia do Contorno.<\/p>\n\n\n\n<p>Em v\u00eddeo publicado nas suas redes sociais, o prefeito enalteceu a parceria com o governo estadual, citando o ex-secret\u00e1rio estadual das Cidades e atual presidente da Assembleia Legislativa do Estado do Rio (Alerj), deputado estadual Douglas Ruas (PL).<\/p>\n\n\n\n<p>\u201cDessa maneira, com alian\u00e7as, na \u00e9poca, o secret\u00e1rio das Cidades, Douglas Ruas (PL), foi muito importante. Sem a participa\u00e7\u00e3o dele, com certeza n\u00e3o ter\u00edamos conseguido. Vou continuar assim, fazendo alian\u00e7as para fazer com que os investimentos aconte\u00e7am em nossa cidade e que a qualidade de vida seja melhor a cada dia, com mais mobilidade urbana e mais seguran\u00e7a\u201d, prometeu Carlos Augusto.<\/p>\n\n\n\n<p>Ao lado do secret\u00e1rio de Infraestrutura Urbana e Obras P\u00fablicas, Wayner Fajardo, o prefeito falou sobre a import\u00e2ncia das obras da via, que apresentava in\u00fameros buracos, colocando em risco a seguran\u00e7a dos motoristas.<\/p>\n\n\n\n<p>\u201cDurante muito tempo, por causa dos buracos, da inseguran\u00e7a e das m\u00e1s condi\u00e7\u00f5es da via, muitos ve\u00edculos, inclusive pesados, deixaram de passar por ali e acabaram entrando por dentro da cidade, aumentando o fluxo na Rodovia Amaral Peixoto (RJ-106) e impactando diretamente a rotina de quem vive em Rio das Ostras. Agora, essa realidade come\u00e7a a mudar\u201d, lembrou Carlos Augusto.<\/p>\n\n\n\n<p>Com a finaliza\u00e7\u00e3o da 1\u00aa fase das obras, a rodovia ganhou nova fresagem de todo o asfalto antigo, com aplica\u00e7\u00e3o de nova camada asf\u00e1ltica, al\u00e9m de uma amplia\u00e7\u00e3o de duas para 4 faixas de rolamento, garantindo mais fluidez e seguran\u00e7a.<\/p>\n\n\n\n<p>Mas segundo o secret\u00e1rio de Infraestrutura Urbana e Obras P\u00fablicas, o fim da 1\u00aa fase \u00e9 s\u00f3 o come\u00e7o de uma mudan\u00e7a que continuar\u00e1 melhorando cada vez mais a Rodovia do Contorno, atendendo a uma demanda antiga dos moradores da cidade.<\/p>\n\n\n\n<p>\u201cTemos conclu\u00edda a 1\u00aa fase, que foi toda revitaliza\u00e7\u00e3o do capeamento da estrada, pintura horizontal e sinaliza\u00e7\u00e3o vertical. N\u00f3s vamos afastar os postes e fazer a ciclovia para atender todos os ciclistas aqui do munic\u00edpio, que anseiam por essa obra. E com isso, a gente conclui todo o prometido que o senhor fez no passado\u201d, contou Wayner Fajardo.<\/p>\n\n\n\n<p>De acordo com o prefeito, al\u00e9m da ciclovia, a estrada ganhar\u00e1 ainda a instala\u00e7\u00e3o de redutores de velocidade, com a expectativa de que as melhorias possam impactar tamb\u00e9m o fluxo de ve\u00edculos na chamada \u00e1rea urbana da cidade.<\/p>\n\n\n\n<p>\u201cA Rodovia do Contorno n\u00e3o \u00e9 apenas uma obra de asfalto. \u00c9 uma obra estrat\u00e9gica para a mobilidade de Rio das Ostras\u201d, completou Carlos Augusto.<\/p>\n","protected":false},"excerpt":{"rendered":"<p>O prefeito de Rio das Ostras, Carlos Augusto (PL), comemorou, nessa segunda-feira, 27, a conclus\u00e3o da 1\u00aa fase das obras de revitaliza\u00e7\u00e3o da Rodovia Engenheiro Luiz Gonzaga Quirino Tannus, mais conhecida como Rodovia do Contorno. Em v\u00eddeo publicado nas suas redes sociais, o prefeito enalteceu a parceria com o governo estadual, citando o ex-secret\u00e1rio estadual [&hellip;]<\/p>\n","protected":false},"author":2,"featured_media":32724,"comment_status":"open","ping_status":"open","sticky":false,"template":"","format":"standard","meta":{"footnotes":""},"categories":[2978,4],"tags":[],"class_list":["post-32722","post","type-post","status-publish","format-standard","has-post-thumbnail","hentry","category-destaques-topo","category-rio-das-ostras"],"_links":{"self":[{"href":"https:\/\/blogdodanielgalvao.com.br\/site\/wp-json\/wp\/v2\/posts\/32722","targetHints":{"allow":["GET"]}}],"collection":[{"href":"https:\/\/blogdodanielgalvao.com.br\/site\/wp-json\/wp\/v2\/posts"}],"about":[{"href":"https:\/\/blogdodanielgalvao.com.br\/site\/wp-json\/wp\/v2\/types\/post"}],"author":[{"embeddable":true,"href":"https:\/\/blogdodanielgalvao.com.br\/site\/wp-json\/wp\/v2\/users\/2"}],"replies":[{"embeddable":true,"href":"https:\/\/blogdodanielgalvao.com.br\/site\/wp-json\/wp\/v2\/comments?post=32722"}],"version-history":[{"count":1,"href":"https:\/\/blogdodanielgalvao.com.br\/site\/wp-json\/wp\/v2\/posts\/32722\/revisions"}],"predecessor-version":[{"id":32726,"href":"https:\/\/blogdodanielgalvao.com.br\/site\/wp-json\/wp\/v2\/posts\/32722\/revisions\/32726"}],"wp:featuredmedia":[{"embeddable":true,"href":"https:\/\/blogdodanielgalvao.com.br\/site\/wp-json\/wp\/v2\/media\/32724"}],"wp:attachment":[{"href":"https:\/\/blogdodanielgalvao.com.br\/site\/wp-json\/wp\/v2\/media?parent=32722"}],"wp:term":[{"taxonomy":"category","embeddable":true,"href":"https:\/\/blogdodanielgalvao.com.br\/site\/wp-json\/wp\/v2\/categories?post=32722"},{"taxonomy":"post_tag","embeddable":true,"href":"https:\/\/blogdodanielgalvao.com.br\/site\/wp-json\/wp\/v2\/tags?post=32722"}],"curies":[{"name":"wp","href":"https:\/\/api.w.org\/{rel}","templated":true}]}}