{"id":32718,"date":"2026-04-28T16:48:08","date_gmt":"2026-04-28T19:48:08","guid":{"rendered":"https:\/\/blogdodanielgalvao.com.br\/site\/?p=32718"},"modified":"2026-04-28T16:48:15","modified_gmt":"2026-04-28T19:48:15","slug":"homem-e-morto-apos-criminosos-invadirem-casa-a-procura-de-dinheiro-em-campos","status":"publish","type":"post","link":"https:\/\/blogdodanielgalvao.com.br\/site\/homem-e-morto-apos-criminosos-invadirem-casa-a-procura-de-dinheiro-em-campos\/","title":{"rendered":"Homem \u00e9 morto ap\u00f3s criminosos invadirem casa \u00e0 procura de dinheiro em Campos"},"content":{"rendered":"\n<p>A pol\u00edcia de Campos est\u00e1 investigando a morte de um homem de 56 anos encontrado em sua pr\u00f3pria resid\u00eancia na Estrada do Canto, em S\u00e3o Martinho, na Baixa Campista. Segundo informa\u00e7\u00f5es, criminosos teriam invadido sua resid\u00eancia na madrugada da \u00faltima ter\u00e7a-feira (28).<\/p>\n\n\n\n<p>O homem foi identificado como Ademar Salvador da Silva Carvalho. Ele e sua m\u00e3e, Ad\u00e9lia Jacira da Silva Carvalho, de 80 anos, foram rendidos e amorda\u00e7ados pelos criminosos na resid\u00eancia.<\/p>\n\n\n\n<p>As informa\u00e7\u00f5es apontam que os criminosos teriam invadido a resid\u00eancia em busca de uma quantia em dinheiro relacionada a venda de um im\u00f3vel da fam\u00edlia. No entanto, esse valor n\u00e3o foi localizado pelos invasores.<\/p>\n\n\n\n<p>Os criminosos fugiram levando o ve\u00edculo da fam\u00edlia, um Fiat Strada branco. Ademar foi encontrado j\u00e1 sem vida em um dos quartos da casa. Ainda n\u00e3o se sabe a causa da morte. Existe a possibilidade de que ele tenha passado mal no momento em que esteve preso ou sofrido algum tipo de agress\u00e3o que levou ao \u00f3bito.<\/p>\n\n\n\n<p>O corpo do homem foi encaminhado ao Instituto M\u00e9dico Legal (IML) onde ser\u00e1 submetido a per\u00edcia. A partir da\u00ed ser\u00e1 poss\u00edvel determinar a causa da morte. A idosa recebeu atendimento m\u00e9dico ap\u00f3s o crime e est\u00e1 em seguran\u00e7a. Os criminosos ainda n\u00e3o foram localizados.<\/p>\n","protected":false},"excerpt":{"rendered":"<p>A pol\u00edcia de Campos est\u00e1 investigando a morte de um homem de 56 anos encontrado em sua pr\u00f3pria resid\u00eancia na Estrada do Canto, em S\u00e3o Martinho, na Baixa Campista. Segundo informa\u00e7\u00f5es, criminosos teriam invadido sua resid\u00eancia na madrugada da \u00faltima ter\u00e7a-feira (28). O homem foi identificado como Ademar Salvador da Silva Carvalho. Ele e sua [&hellip;]<\/p>\n","protected":false},"author":2,"featured_media":32719,"comment_status":"open","ping_status":"open","sticky":false,"template":"","format":"standard","meta":{"footnotes":""},"categories":[1899],"tags":[],"class_list":["post-32718","post","type-post","status-publish","format-standard","has-post-thumbnail","hentry","category-policia"],"_links":{"self":[{"href":"https:\/\/blogdodanielgalvao.com.br\/site\/wp-json\/wp\/v2\/posts\/32718","targetHints":{"allow":["GET"]}}],"collection":[{"href":"https:\/\/blogdodanielgalvao.com.br\/site\/wp-json\/wp\/v2\/posts"}],"about":[{"href":"https:\/\/blogdodanielgalvao.com.br\/site\/wp-json\/wp\/v2\/types\/post"}],"author":[{"embeddable":true,"href":"https:\/\/blogdodanielgalvao.com.br\/site\/wp-json\/wp\/v2\/users\/2"}],"replies":[{"embeddable":true,"href":"https:\/\/blogdodanielgalvao.com.br\/site\/wp-json\/wp\/v2\/comments?post=32718"}],"version-history":[{"count":1,"href":"https:\/\/blogdodanielgalvao.com.br\/site\/wp-json\/wp\/v2\/posts\/32718\/revisions"}],"predecessor-version":[{"id":32720,"href":"https:\/\/blogdodanielgalvao.com.br\/site\/wp-json\/wp\/v2\/posts\/32718\/revisions\/32720"}],"wp:featuredmedia":[{"embeddable":true,"href":"https:\/\/blogdodanielgalvao.com.br\/site\/wp-json\/wp\/v2\/media\/32719"}],"wp:attachment":[{"href":"https:\/\/blogdodanielgalvao.com.br\/site\/wp-json\/wp\/v2\/media?parent=32718"}],"wp:term":[{"taxonomy":"category","embeddable":true,"href":"https:\/\/blogdodanielgalvao.com.br\/site\/wp-json\/wp\/v2\/categories?post=32718"},{"taxonomy":"post_tag","embeddable":true,"href":"https:\/\/blogdodanielgalvao.com.br\/site\/wp-json\/wp\/v2\/tags?post=32718"}],"curies":[{"name":"wp","href":"https:\/\/api.w.org\/{rel}","templated":true}]}}