{"id":32707,"date":"2026-04-28T16:21:47","date_gmt":"2026-04-28T19:21:47","guid":{"rendered":"https:\/\/blogdodanielgalvao.com.br\/site\/?p=32707"},"modified":"2026-04-28T16:21:54","modified_gmt":"2026-04-28T19:21:54","slug":"serra-macaense-se-destaca-na-base-e-garante-vaga-na-semifinal-da-macae-cup-de-futsal","status":"publish","type":"post","link":"https:\/\/blogdodanielgalvao.com.br\/site\/serra-macaense-se-destaca-na-base-e-garante-vaga-na-semifinal-da-macae-cup-de-futsal\/","title":{"rendered":"Serra Macaense se destaca na base e garante vaga na semifinal da Maca\u00e9 Cup de Futsal"},"content":{"rendered":"\n<p>O Serra Macaense vem realizando ao longo dos \u00faltimos anos um trabalho de excel\u00eancia nas categorias de base. O Alviverde \u00e9 conhecido por investir na capta\u00e7\u00e3o de novos talentos em diferentes modalidades. No \u00faltimo final de semana, o clube esteve participando da Maca\u00e9 Cup, onde inclusive garantiu a classifica\u00e7\u00e3o para a semifinal do torneio na categoria Sub-12.<\/p>\n\n\n\n<p>O Serra Macaense garantiu a classifica\u00e7\u00e3o para a semifinal com uma vit\u00f3ria por 4 a 0 diante do Col\u00e9gio Bittencourt. Apesar do placar el\u00e1stico, o Alviverde precisou demonstrar muita maturidade e resili\u00eancia para superar uma expuls\u00e3o ainda no primeiro tempo. Os gols foram marcados por Peterson, Thierry, Isaac e Victor. O advers\u00e1rio na semi ser\u00e1 a Escola Flamengo Maca\u00e9.<\/p>\n\n\n\n<p>J\u00e1 na categoria Sub-10 o Serra acabou eliminado da competi\u00e7\u00e3o ao ser derrotado por 4 a 1 para o Oper\u00e1rio. O Alviverde chegou a acertar duas bolas na trave, mas n\u00e3o conseguiu a classifica\u00e7\u00e3o. A contrapartida \u00e9 que o time demonstrou for\u00e7a e chegou a fechar a fase anterior com o 1\u00ba lugar geral.<\/p>\n\n\n\n<p>O Serra tamb\u00e9m acabou eliminado nas categorias Sub-9 e Sub-11. Em ambas as categorias, o Alviverde foi derrotado por 4 a 3 e se despediu do torneio nas quartas de final. No Sub-09 a derrota foi para a Escola do Flamengo, enquanto que no Sub-11 o rev\u00e9s foi diante do CFE.<\/p>\n","protected":false},"excerpt":{"rendered":"<p>O Serra Macaense vem realizando ao longo dos \u00faltimos anos um trabalho de excel\u00eancia nas categorias de base. O Alviverde \u00e9 conhecido por investir na capta\u00e7\u00e3o de novos talentos em diferentes modalidades. No \u00faltimo final de semana, o clube esteve participando da Maca\u00e9 Cup, onde inclusive garantiu a classifica\u00e7\u00e3o para a semifinal do torneio na [&hellip;]<\/p>\n","protected":false},"author":2,"featured_media":32708,"comment_status":"open","ping_status":"open","sticky":false,"template":"","format":"standard","meta":{"footnotes":""},"categories":[2981,1897],"tags":[3482],"class_list":["post-32707","post","type-post","status-publish","format-standard","has-post-thumbnail","hentry","category-destaque-noticia-3","category-esportes","tag-sub-12-do-serra-macaense"],"_links":{"self":[{"href":"https:\/\/blogdodanielgalvao.com.br\/site\/wp-json\/wp\/v2\/posts\/32707","targetHints":{"allow":["GET"]}}],"collection":[{"href":"https:\/\/blogdodanielgalvao.com.br\/site\/wp-json\/wp\/v2\/posts"}],"about":[{"href":"https:\/\/blogdodanielgalvao.com.br\/site\/wp-json\/wp\/v2\/types\/post"}],"author":[{"embeddable":true,"href":"https:\/\/blogdodanielgalvao.com.br\/site\/wp-json\/wp\/v2\/users\/2"}],"replies":[{"embeddable":true,"href":"https:\/\/blogdodanielgalvao.com.br\/site\/wp-json\/wp\/v2\/comments?post=32707"}],"version-history":[{"count":1,"href":"https:\/\/blogdodanielgalvao.com.br\/site\/wp-json\/wp\/v2\/posts\/32707\/revisions"}],"predecessor-version":[{"id":32709,"href":"https:\/\/blogdodanielgalvao.com.br\/site\/wp-json\/wp\/v2\/posts\/32707\/revisions\/32709"}],"wp:featuredmedia":[{"embeddable":true,"href":"https:\/\/blogdodanielgalvao.com.br\/site\/wp-json\/wp\/v2\/media\/32708"}],"wp:attachment":[{"href":"https:\/\/blogdodanielgalvao.com.br\/site\/wp-json\/wp\/v2\/media?parent=32707"}],"wp:term":[{"taxonomy":"category","embeddable":true,"href":"https:\/\/blogdodanielgalvao.com.br\/site\/wp-json\/wp\/v2\/categories?post=32707"},{"taxonomy":"post_tag","embeddable":true,"href":"https:\/\/blogdodanielgalvao.com.br\/site\/wp-json\/wp\/v2\/tags?post=32707"}],"curies":[{"name":"wp","href":"https:\/\/api.w.org\/{rel}","templated":true}]}}