{"id":32704,"date":"2026-04-28T15:56:33","date_gmt":"2026-04-28T18:56:33","guid":{"rendered":"https:\/\/blogdodanielgalvao.com.br\/site\/?p=32704"},"modified":"2026-04-28T15:56:41","modified_gmt":"2026-04-28T18:56:41","slug":"jovem-some-e-e-encontrado-morto-em-praia-de-cabo-frio","status":"publish","type":"post","link":"https:\/\/blogdodanielgalvao.com.br\/site\/jovem-some-e-e-encontrado-morto-em-praia-de-cabo-frio\/","title":{"rendered":"Jovem some e \u00e9 encontrado morto em praia de Cabo Frio"},"content":{"rendered":"\n<p>O corpo de Cristiano Machado de Souza, de 23 anos, foi encontrado na manh\u00e3 desta ter\u00e7a-feira (28) na Praia das Dunas do Per\u00f3, em Cabo Frio. O jovem estava desaparecido desde o fim de semana e era alvo de buscas e mobiliza\u00e7\u00e3o de moradores da regi\u00e3o.<\/p>\n\n\n\n<p>A confirma\u00e7\u00e3o da localiza\u00e7\u00e3o foi feita pela Pol\u00edcia Militar, que informou que o corpo apresentava sinais de disparos de arma de fogo.<\/p>\n\n\n\n<p>Cristiano \u00e9 o mesmo jovem cujo desaparecimento havia provocado manifesta\u00e7\u00f5es nos \u00faltimos dias. Na noite de segunda-feira (27), moradores realizaram um novo protesto na \u00e1rea da Reserva do Per\u00f3, cobrando respostas das autoridades e a localiza\u00e7\u00e3o do rapaz, que at\u00e9 ent\u00e3o seguia desaparecido.<\/p>\n\n\n\n<p>O caso agora passa a ser tratado como investiga\u00e7\u00e3o policial, e as circunst\u00e2ncias da morte dever\u00e3o ser apuradas pelas autoridades competentes.&nbsp;&nbsp;&nbsp;&nbsp;&nbsp;<\/p>\n","protected":false},"excerpt":{"rendered":"<p>O corpo de Cristiano Machado de Souza, de 23 anos, foi encontrado na manh\u00e3 desta ter\u00e7a-feira (28) na Praia das Dunas do Per\u00f3, em Cabo Frio. O jovem estava desaparecido desde o fim de semana e era alvo de buscas e mobiliza\u00e7\u00e3o de moradores da regi\u00e3o. A confirma\u00e7\u00e3o da localiza\u00e7\u00e3o foi feita pela Pol\u00edcia Militar, [&hellip;]<\/p>\n","protected":false},"author":2,"featured_media":32705,"comment_status":"open","ping_status":"open","sticky":false,"template":"","format":"standard","meta":{"footnotes":""},"categories":[340,2983],"tags":[],"class_list":["post-32704","post","type-post","status-publish","format-standard","has-post-thumbnail","hentry","category-cabo-frio","category-destaque-noticia-5"],"_links":{"self":[{"href":"https:\/\/blogdodanielgalvao.com.br\/site\/wp-json\/wp\/v2\/posts\/32704","targetHints":{"allow":["GET"]}}],"collection":[{"href":"https:\/\/blogdodanielgalvao.com.br\/site\/wp-json\/wp\/v2\/posts"}],"about":[{"href":"https:\/\/blogdodanielgalvao.com.br\/site\/wp-json\/wp\/v2\/types\/post"}],"author":[{"embeddable":true,"href":"https:\/\/blogdodanielgalvao.com.br\/site\/wp-json\/wp\/v2\/users\/2"}],"replies":[{"embeddable":true,"href":"https:\/\/blogdodanielgalvao.com.br\/site\/wp-json\/wp\/v2\/comments?post=32704"}],"version-history":[{"count":1,"href":"https:\/\/blogdodanielgalvao.com.br\/site\/wp-json\/wp\/v2\/posts\/32704\/revisions"}],"predecessor-version":[{"id":32706,"href":"https:\/\/blogdodanielgalvao.com.br\/site\/wp-json\/wp\/v2\/posts\/32704\/revisions\/32706"}],"wp:featuredmedia":[{"embeddable":true,"href":"https:\/\/blogdodanielgalvao.com.br\/site\/wp-json\/wp\/v2\/media\/32705"}],"wp:attachment":[{"href":"https:\/\/blogdodanielgalvao.com.br\/site\/wp-json\/wp\/v2\/media?parent=32704"}],"wp:term":[{"taxonomy":"category","embeddable":true,"href":"https:\/\/blogdodanielgalvao.com.br\/site\/wp-json\/wp\/v2\/categories?post=32704"},{"taxonomy":"post_tag","embeddable":true,"href":"https:\/\/blogdodanielgalvao.com.br\/site\/wp-json\/wp\/v2\/tags?post=32704"}],"curies":[{"name":"wp","href":"https:\/\/api.w.org\/{rel}","templated":true}]}}