{"id":32686,"date":"2026-04-27T17:22:57","date_gmt":"2026-04-27T20:22:57","guid":{"rendered":"https:\/\/blogdodanielgalvao.com.br\/site\/?p=32686"},"modified":"2026-04-27T17:23:05","modified_gmt":"2026-04-27T20:23:05","slug":"cabo-frio-promove-acao-gratuita-de-saude-e-cidadania-no-parque-riviera","status":"publish","type":"post","link":"https:\/\/blogdodanielgalvao.com.br\/site\/cabo-frio-promove-acao-gratuita-de-saude-e-cidadania-no-parque-riviera\/","title":{"rendered":"Cabo Frio promove a\u00e7\u00e3o gratuita de sa\u00fade e cidadania no Parque Riviera"},"content":{"rendered":"\n<p>Moradores de Cabo Frio ter\u00e3o acesso a uma s\u00e9rie de servi\u00e7os gratuitos voltados \u00e0 sa\u00fade, bem-estar e cidadania durante a A\u00e7\u00e3o Viver Bem, que acontece no dia 29 de abril, no bairro Parque Riviera. A iniciativa re\u00fane atendimentos b\u00e1sicos de sa\u00fade, terapias integrativas e servi\u00e7os sociais em uma proposta que combina cuidado individual e apoio comunit\u00e1rio.<\/p>\n\n\n\n<p>&nbsp;A programa\u00e7\u00e3o ser\u00e1 realizada das 14h \u00e0s 17h, na Rua Jos\u00e9 Ant\u00f4nio Sampaio, 136, com oferta de aferi\u00e7\u00e3o de press\u00e3o arterial, teste de glicemia e exame de vista \u2014 este \u00faltimo dispon\u00edvel a partir das 13h. Al\u00e9m dos atendimentos cl\u00ednicos, o p\u00fablico poder\u00e1 acessar terapias como acupuntura, auriculoterapia, reiki e uso de florais, por meio do N\u00facleo de Pr\u00e1ticas Integrativas e Complementares em Sa\u00fade.<\/p>\n\n\n\n<p>Outro destaque da a\u00e7\u00e3o \u00e9 a emiss\u00e3o do cart\u00e3o de estacionamento para idosos, al\u00e9m de orienta\u00e7\u00f5es e cadastro para o Centro de Conviv\u00eancia da Melhor Idade, ampliando o acesso a pol\u00edticas p\u00fablicas voltadas \u00e0 popula\u00e7\u00e3o idosa.<\/p>\n\n\n\n<p>O atendimento \u00e9 gratuito, mas a organiza\u00e7\u00e3o sugere a doa\u00e7\u00e3o volunt\u00e1ria de 1kg de alimento n\u00e3o perec\u00edvel, que ser\u00e1 destinado a fam\u00edlias em situa\u00e7\u00e3o de vulnerabilidade social, refor\u00e7ando o car\u00e1ter solid\u00e1rio da iniciativa.<\/p>\n\n\n\n<p>A a\u00e7\u00e3o conta com a participa\u00e7\u00e3o de parceiros como o N\u00facleo PICS\/SUS Cabo Frio, o Projeto Pupila \u2013 \u00d3culos Social, o Programa Sa\u00fade da Pessoa Idosa, o CESAP, a Secretaria Adjunta da Melhor Idade e a Prefeitura de Cabo Frio.<\/p>\n\n\n\n<p>A proposta vai al\u00e9m do atendimento pontual e busca fortalecer a rede de apoio local, incentivando a participa\u00e7\u00e3o da comunidade e ampliando o acesso a servi\u00e7os essenciais.&nbsp;&nbsp;&nbsp;&nbsp;&nbsp;&nbsp;<\/p>\n","protected":false},"excerpt":{"rendered":"<p>Moradores de Cabo Frio ter\u00e3o acesso a uma s\u00e9rie de servi\u00e7os gratuitos voltados \u00e0 sa\u00fade, bem-estar e cidadania durante a A\u00e7\u00e3o Viver Bem, que acontece no dia 29 de abril, no bairro Parque Riviera. A iniciativa re\u00fane atendimentos b\u00e1sicos de sa\u00fade, terapias integrativas e servi\u00e7os sociais em uma proposta que combina cuidado individual e apoio [&hellip;]<\/p>\n","protected":false},"author":2,"featured_media":32687,"comment_status":"open","ping_status":"open","sticky":false,"template":"","format":"standard","meta":{"footnotes":""},"categories":[340],"tags":[],"class_list":["post-32686","post","type-post","status-publish","format-standard","has-post-thumbnail","hentry","category-cabo-frio"],"_links":{"self":[{"href":"https:\/\/blogdodanielgalvao.com.br\/site\/wp-json\/wp\/v2\/posts\/32686","targetHints":{"allow":["GET"]}}],"collection":[{"href":"https:\/\/blogdodanielgalvao.com.br\/site\/wp-json\/wp\/v2\/posts"}],"about":[{"href":"https:\/\/blogdodanielgalvao.com.br\/site\/wp-json\/wp\/v2\/types\/post"}],"author":[{"embeddable":true,"href":"https:\/\/blogdodanielgalvao.com.br\/site\/wp-json\/wp\/v2\/users\/2"}],"replies":[{"embeddable":true,"href":"https:\/\/blogdodanielgalvao.com.br\/site\/wp-json\/wp\/v2\/comments?post=32686"}],"version-history":[{"count":1,"href":"https:\/\/blogdodanielgalvao.com.br\/site\/wp-json\/wp\/v2\/posts\/32686\/revisions"}],"predecessor-version":[{"id":32688,"href":"https:\/\/blogdodanielgalvao.com.br\/site\/wp-json\/wp\/v2\/posts\/32686\/revisions\/32688"}],"wp:featuredmedia":[{"embeddable":true,"href":"https:\/\/blogdodanielgalvao.com.br\/site\/wp-json\/wp\/v2\/media\/32687"}],"wp:attachment":[{"href":"https:\/\/blogdodanielgalvao.com.br\/site\/wp-json\/wp\/v2\/media?parent=32686"}],"wp:term":[{"taxonomy":"category","embeddable":true,"href":"https:\/\/blogdodanielgalvao.com.br\/site\/wp-json\/wp\/v2\/categories?post=32686"},{"taxonomy":"post_tag","embeddable":true,"href":"https:\/\/blogdodanielgalvao.com.br\/site\/wp-json\/wp\/v2\/tags?post=32686"}],"curies":[{"name":"wp","href":"https:\/\/api.w.org\/{rel}","templated":true}]}}