{"id":32669,"date":"2026-04-27T13:10:52","date_gmt":"2026-04-27T16:10:52","guid":{"rendered":"https:\/\/blogdodanielgalvao.com.br\/site\/?p=32669"},"modified":"2026-04-27T13:11:03","modified_gmt":"2026-04-27T16:11:03","slug":"automodelismo-coloca-macae-entre-os-principais-polos-do-rio","status":"publish","type":"post","link":"https:\/\/blogdodanielgalvao.com.br\/site\/automodelismo-coloca-macae-entre-os-principais-polos-do-rio\/","title":{"rendered":"Automodelismo coloca Maca\u00e9 entre os principais polos do Rio"},"content":{"rendered":"\n<p>Maca\u00e9 recebeu no \u00faltimo domingo (26) a 5\u00aa etapa do Campeonato Carioca de Automodelismo Off Road. O torneio foi uma esp\u00e9cie de prepara\u00e7\u00e3o para o Brasileiro e reuniu competidores de diversas cidades. A etapa foi realizada na pista localizada na Linha Verde, ao lado da BRK Ambiental.<\/p>\n\n\n\n<p>O Carioca contou com disputas em diversas categorias, dentre elas a Buggy GP (movido a metanol), Truggy GP, Buggy EP (el\u00e9trico) e Open, voltada para iniciantes. J\u00e1 realizada em outras oportunidades no munic\u00edpio, a competi\u00e7\u00e3o conta com a participa\u00e7\u00e3o da popula\u00e7\u00e3o, cada vez mais familiarizada com o automodelismo.<\/p>\n\n\n\n<p>Tricampe\u00e3o estadual, Rannyerry Calmon Barcelos participou como piloto e organizador da etapa. Ele destacou a qualidade da pista de Maca\u00e9 como um dos diferencias da cidade para receber eventos deste porte.<\/p>\n\n\n\n<p>\u201cA pista de automodelismo de Maca\u00e9 passou por uma grande reforma. Hoje, a estrutura \u00e9 outra, est\u00e1 totalmente renovada, preparada para receber grandes competi\u00e7\u00f5es e oferecer melhores condi\u00e7\u00f5es aos pilotos\u201d, afirmou.<\/p>\n\n\n\n<p>Ainda de acordo com a organiza\u00e7\u00e3o, a realiza\u00e7\u00e3o da etapa em Maca\u00e9 refor\u00e7a o papel do munic\u00edpio como um dos principais polos da modalidade no Rio de Janeiro. A competi\u00e7\u00e3o teve o aval da Associa\u00e7\u00e3o Carioca de Modelismo, contando com apoio da Prefeitura de Maca\u00e9 por meio da Secretaria de Esportes.<\/p>\n","protected":false},"excerpt":{"rendered":"<p>Maca\u00e9 recebeu no \u00faltimo domingo (26) a 5\u00aa etapa do Campeonato Carioca de Automodelismo Off Road. O torneio foi uma esp\u00e9cie de prepara\u00e7\u00e3o para o Brasileiro e reuniu competidores de diversas cidades. A etapa foi realizada na pista localizada na Linha Verde, ao lado da BRK Ambiental. O Carioca contou com disputas em diversas categorias, [&hellip;]<\/p>\n","protected":false},"author":2,"featured_media":32670,"comment_status":"open","ping_status":"open","sticky":false,"template":"","format":"standard","meta":{"footnotes":""},"categories":[2979,14,2],"tags":[3479],"class_list":["post-32669","post","type-post","status-publish","format-standard","has-post-thumbnail","hentry","category-destaque-noticia-1","category-geral","category-macae","tag-automodelismo"],"_links":{"self":[{"href":"https:\/\/blogdodanielgalvao.com.br\/site\/wp-json\/wp\/v2\/posts\/32669","targetHints":{"allow":["GET"]}}],"collection":[{"href":"https:\/\/blogdodanielgalvao.com.br\/site\/wp-json\/wp\/v2\/posts"}],"about":[{"href":"https:\/\/blogdodanielgalvao.com.br\/site\/wp-json\/wp\/v2\/types\/post"}],"author":[{"embeddable":true,"href":"https:\/\/blogdodanielgalvao.com.br\/site\/wp-json\/wp\/v2\/users\/2"}],"replies":[{"embeddable":true,"href":"https:\/\/blogdodanielgalvao.com.br\/site\/wp-json\/wp\/v2\/comments?post=32669"}],"version-history":[{"count":1,"href":"https:\/\/blogdodanielgalvao.com.br\/site\/wp-json\/wp\/v2\/posts\/32669\/revisions"}],"predecessor-version":[{"id":32671,"href":"https:\/\/blogdodanielgalvao.com.br\/site\/wp-json\/wp\/v2\/posts\/32669\/revisions\/32671"}],"wp:featuredmedia":[{"embeddable":true,"href":"https:\/\/blogdodanielgalvao.com.br\/site\/wp-json\/wp\/v2\/media\/32670"}],"wp:attachment":[{"href":"https:\/\/blogdodanielgalvao.com.br\/site\/wp-json\/wp\/v2\/media?parent=32669"}],"wp:term":[{"taxonomy":"category","embeddable":true,"href":"https:\/\/blogdodanielgalvao.com.br\/site\/wp-json\/wp\/v2\/categories?post=32669"},{"taxonomy":"post_tag","embeddable":true,"href":"https:\/\/blogdodanielgalvao.com.br\/site\/wp-json\/wp\/v2\/tags?post=32669"}],"curies":[{"name":"wp","href":"https:\/\/api.w.org\/{rel}","templated":true}]}}