{"id":32662,"date":"2026-04-27T12:18:03","date_gmt":"2026-04-27T15:18:03","guid":{"rendered":"https:\/\/blogdodanielgalvao.com.br\/site\/?p=32662"},"modified":"2026-04-27T12:18:10","modified_gmt":"2026-04-27T15:18:10","slug":"servidor-vira-craque-e-toma-conta-do-correao-no-feriado","status":"publish","type":"post","link":"https:\/\/blogdodanielgalvao.com.br\/site\/servidor-vira-craque-e-toma-conta-do-correao-no-feriado\/","title":{"rendered":"Servidor vira craque e toma conta do Corre\u00e3o no feriado"},"content":{"rendered":"\n<p>Na pr\u00f3xima sexta-feira, 1\u00ba de maio, a Prefeitura de Cabo Frio promove mais uma edi\u00e7\u00e3o do j\u00e1 tradicional Torneio do Trabalhador, evento que consolida o esporte como ferramenta de integra\u00e7\u00e3o entre os servidores p\u00fablicos. A competi\u00e7\u00e3o ser\u00e1 realizada no Est\u00e1dio Municipal Alair Corr\u00eaa, o Corre\u00e3o, palco simb\u00f3lico do futebol local.<\/p>\n\n\n\n<p>Mais do que partidas, o torneio representa um encontro entre diferentes setores da administra\u00e7\u00e3o municipal, que trocam a rotina de trabalho pelo uniforme esportivo em uma celebra\u00e7\u00e3o coletiva. A proposta \u00e9 clara: refor\u00e7ar v\u00ednculos, estimular o esp\u00edrito de equipe e reconhecer, de forma leve, o papel de cada servidor na engrenagem p\u00fablica.<\/p>\n\n\n\n<p>\u201cO Torneio do Trabalhador \u00e9 um momento de lazer e reconhecimento. Durante os jogos, fortalecemos a uni\u00e3o, o respeito e o esp\u00edrito esportivo, al\u00e9m de celebrar a dedica\u00e7\u00e3o de cada servidor que move a cidade todos os dias\u201d, afirmou o prefeito Dr. Serginho.<\/p>\n\n\n\n<p>Aberto ao p\u00fablico, o evento tamb\u00e9m convida a popula\u00e7\u00e3o a ocupar o est\u00e1dio e acompanhar de perto os confrontos, que prometem competitividade e descontra\u00e7\u00e3o na mesma medida.&nbsp;&nbsp;&nbsp;&nbsp;&nbsp;<\/p>\n\n\n\n<p><strong>A programa\u00e7\u00e3o come\u00e7a cedo:<\/strong><\/p>\n\n\n\n<p>7h: Semas x Desenvolvimento Econ\u00f4mico<\/p>\n\n\n\n<p>07h40: Governo x Comsercaf Administrativo<\/p>\n\n\n\n<p>08h20: Sa\u00fade x Comsercaf Prensa<\/p>\n\n\n\n<p>09h: Esporte x Servi\u00e7os P\u00fablicos<\/p>\n\n\n\n<p>09h40: Guarda Municipal x Fam\u00edlia\/Postura<\/p>\n\n\n\n<p>10h20: C\u00e2mara Municipal x Fazenda<\/p>\n\n\n\n<p>11h: Educa\u00e7\u00e3o x Mobilidade Urbana&nbsp;&nbsp;&nbsp;&nbsp;<\/p>\n\n\n\n<p><strong>Servi\u00e7o<\/strong><\/p>\n\n\n\n<p>Torneio do Trabalhador de Cabo Frio<\/p>\n\n\n\n<p>Data: 01 de maio (sexta-feira)<\/p>\n\n\n\n<p>Hor\u00e1rio: a partir das 07h<\/p>\n\n\n\n<p>Local: Est\u00e1dio Municipal Alair Corr\u00eaa (Corre\u00e3o)&nbsp;&nbsp;&nbsp;&nbsp;&nbsp;&nbsp;&nbsp;<\/p>\n","protected":false},"excerpt":{"rendered":"<p>Na pr\u00f3xima sexta-feira, 1\u00ba de maio, a Prefeitura de Cabo Frio promove mais uma edi\u00e7\u00e3o do j\u00e1 tradicional Torneio do Trabalhador, evento que consolida o esporte como ferramenta de integra\u00e7\u00e3o entre os servidores p\u00fablicos. A competi\u00e7\u00e3o ser\u00e1 realizada no Est\u00e1dio Municipal Alair Corr\u00eaa, o Corre\u00e3o, palco simb\u00f3lico do futebol local. Mais do que partidas, o [&hellip;]<\/p>\n","protected":false},"author":2,"featured_media":32663,"comment_status":"open","ping_status":"open","sticky":false,"template":"","format":"standard","meta":{"footnotes":""},"categories":[340,2978],"tags":[],"class_list":["post-32662","post","type-post","status-publish","format-standard","has-post-thumbnail","hentry","category-cabo-frio","category-destaques-topo"],"_links":{"self":[{"href":"https:\/\/blogdodanielgalvao.com.br\/site\/wp-json\/wp\/v2\/posts\/32662","targetHints":{"allow":["GET"]}}],"collection":[{"href":"https:\/\/blogdodanielgalvao.com.br\/site\/wp-json\/wp\/v2\/posts"}],"about":[{"href":"https:\/\/blogdodanielgalvao.com.br\/site\/wp-json\/wp\/v2\/types\/post"}],"author":[{"embeddable":true,"href":"https:\/\/blogdodanielgalvao.com.br\/site\/wp-json\/wp\/v2\/users\/2"}],"replies":[{"embeddable":true,"href":"https:\/\/blogdodanielgalvao.com.br\/site\/wp-json\/wp\/v2\/comments?post=32662"}],"version-history":[{"count":1,"href":"https:\/\/blogdodanielgalvao.com.br\/site\/wp-json\/wp\/v2\/posts\/32662\/revisions"}],"predecessor-version":[{"id":32664,"href":"https:\/\/blogdodanielgalvao.com.br\/site\/wp-json\/wp\/v2\/posts\/32662\/revisions\/32664"}],"wp:featuredmedia":[{"embeddable":true,"href":"https:\/\/blogdodanielgalvao.com.br\/site\/wp-json\/wp\/v2\/media\/32663"}],"wp:attachment":[{"href":"https:\/\/blogdodanielgalvao.com.br\/site\/wp-json\/wp\/v2\/media?parent=32662"}],"wp:term":[{"taxonomy":"category","embeddable":true,"href":"https:\/\/blogdodanielgalvao.com.br\/site\/wp-json\/wp\/v2\/categories?post=32662"},{"taxonomy":"post_tag","embeddable":true,"href":"https:\/\/blogdodanielgalvao.com.br\/site\/wp-json\/wp\/v2\/tags?post=32662"}],"curies":[{"name":"wp","href":"https:\/\/api.w.org\/{rel}","templated":true}]}}